{"id":28298,"date":"2025-08-07T07:54:22","date_gmt":"2025-08-07T07:54:22","guid":{"rendered":"https:\/\/blogseyir.com\/wp\/?p=28298"},"modified":"2025-08-07T07:54:23","modified_gmt":"2025-08-07T07:54:23","slug":"lajm-i-zl-mbyll-syte-pergjithmone-kengetari-dhe-artisti-i-njohur-shqiptar-emer-foto","status":"publish","type":"post","link":"https:\/\/blogseyir.com\/wp\/lajm-i-zl-mbyll-syte-pergjithmone-kengetari-dhe-artisti-i-njohur-shqiptar-emer-foto\/","title":{"rendered":"LAJM I Zl! Mbyll syt\u00eb p\u00ebrgjithmon\u00eb k\u00ebng\u00ebtari dhe artisti i njohur shqiptar (Em\u00ebr + Foto)"},"content":{"rendered":"<p>Bilbili i Lab\u00ebris\u00eb, Bujar Tabulla ka nd\u00ebrruar jet\u00eb n\u00eb mosh\u00ebn 65-vje\u00e7are. Artisti i njohur, nj\u00eb nga z\u00ebrat m\u00eb t\u00eb dashur dhe t\u00eb ve\u00e7ant\u00eb t\u00eb k\u00ebng\u00ebs labe, u nda nga jeta mbr\u00ebmjen e djeshme pas nj\u00eb s\u00ebmundjeje t\u00eb r\u00ebnd\u00eb q\u00eb e mundoi n\u00eb vitet e fundit.<\/p>\n<p>I lindur dhe rritur n\u00eb Delvin\u00eb, Bujar Tabulla nisi t\u00eb k\u00ebndonte q\u00eb f\u00ebmij\u00eb, duke u b\u00ebr\u00eb edhe themeluesi i grupit t\u00eb qytetit \u201cDjemt\u00eb e Delvin\u00ebs\u201d ku spikati me z\u00ebrin e tij t\u00eb ngroht\u00eb, t\u00eb past\u00ebr dhe plot emocion.<\/p>\n<p><img loading=\"lazy\" decoding=\"async\" class=\"alignnone size-full wp-image-29155\" src=\"https:\/\/post.gazetatirana.com\/wp-content\/uploads\/2025\/08\/image-140.webp\" alt=\"\" width=\"1006\" height=\"647\" \/><\/p>\n<p>Breza t\u00eb t\u00ebr\u00eb e njoh\u00ebn si \u201cbilbilin e Lab\u00ebris\u00eb\u201d, nj\u00eb nofk\u00eb q\u00eb nuk iu dha kot, por e fitoi me shpirt e talent, me pasionin dhe p\u00ebrkushtimin q\u00eb i dha k\u00ebng\u00ebs polifonike shqiptare.<\/p>\n<p>Tabulla gjithashtu sh\u00ebrbeu p\u00ebr vite me radh\u00eb n\u00eb nd\u00ebrmarrjen e pyjeve, duke i q\u00ebndruar af\u00ebr natyr\u00ebs, me t\u00eb nj\u00ebjt\u00ebn dashuri me t\u00eb cil\u00ebn i k\u00ebndonte asaj.<\/p>\n<p>Z\u00ebri i Bujar Tabull\u00ebs do t\u00eb jetoj\u00eb n\u00eb \u00e7do k\u00ebng\u00eb q\u00eb ai k\u00ebndoi, n\u00eb \u00e7do zem\u00ebr q\u00eb ai preku me artin dhe fisnik\u00ebrin\u00eb e tij.<\/p>\n<div id=\"blogs-8030304\" class=\"blogs-after-content blogs-entity-placement\"><div id=\"div-gpt-ad-1770230601260-0\" style=\"width:300px; height:600px;\"><\/div><\/div><div id=\"blogs-2394553273\" class=\"blogs-adsense-after-kontent blogs-entity-placement\"><script async src=\"https:\/\/pagead2.googlesyndication.com\/pagead\/js\/adsbygoogle.js\"\r\n     crossorigin=\"anonymous\"><\/script>\r\n<!-- Tiranaread -->\r\n<ins class=\"adsbygoogle\"\r\n     style=\"display:inline-block;width:728px;height:90px\"\r\n     data-ad-client=\"ca-pub-2355142065052501\"\r\n\t data-page-url=\"https:\/\/blogseyir.com\"\r\n     data-ad-slot=\"7464751963\"><\/ins>\r\n<script>\r\n     (adsbygoogle = window.adsbygoogle || []).push({});\r\n<\/script><\/div>","protected":false},"excerpt":{"rendered":"<p>Bilbili i Lab\u00ebris\u00eb, Bujar Tabulla ka nd\u00ebrruar jet\u00eb n\u00eb mosh\u00ebn 65-vje\u00e7are. Artisti i njohur, nj\u00eb nga z\u00ebrat m\u00eb t\u00eb dashur dhe t\u00eb ve\u00e7ant\u00eb t\u00eb k\u00ebng\u00ebs labe, u nda nga jeta mbr\u00ebmjen e djeshme pas nj\u00eb s\u00ebmundjeje t\u00eb r\u00ebnd\u00eb q\u00eb e mundoi n\u00eb vitet e fundit. I lindur dhe rritur n\u00eb Delvin\u00eb, Bujar Tabulla nisi t\u00eb [&hellip;]<\/p>\n","protected":false},"author":1,"featured_media":28300,"comment_status":"open","ping_status":"closed","sticky":false,"template":"","format":"standard","meta":{"footnotes":""},"categories":[32],"tags":[1536,1537,41],"class_list":["post-28298","post","type-post","status-publish","format-standard","has-post-thumbnail","hentry","category-te-fundit","tag-bujar-tabulla","tag-kengetari","tag-vdekje"],"_links":{"self":[{"href":"https:\/\/blogseyir.com\/wp\/wp-json\/wp\/v2\/posts\/28298","targetHints":{"allow":["GET"]}}],"collection":[{"href":"https:\/\/blogseyir.com\/wp\/wp-json\/wp\/v2\/posts"}],"about":[{"href":"https:\/\/blogseyir.com\/wp\/wp-json\/wp\/v2\/types\/post"}],"author":[{"embeddable":true,"href":"https:\/\/blogseyir.com\/wp\/wp-json\/wp\/v2\/users\/1"}],"replies":[{"embeddable":true,"href":"https:\/\/blogseyir.com\/wp\/wp-json\/wp\/v2\/comments?post=28298"}],"version-history":[{"count":1,"href":"https:\/\/blogseyir.com\/wp\/wp-json\/wp\/v2\/posts\/28298\/revisions"}],"predecessor-version":[{"id":28299,"href":"https:\/\/blogseyir.com\/wp\/wp-json\/wp\/v2\/posts\/28298\/revisions\/28299"}],"wp:featuredmedia":[{"embeddable":true,"href":"https:\/\/blogseyir.com\/wp\/wp-json\/wp\/v2\/media\/28300"}],"wp:attachment":[{"href":"https:\/\/blogseyir.com\/wp\/wp-json\/wp\/v2\/media?parent=28298"}],"wp:term":[{"taxonomy":"category","embeddable":true,"href":"https:\/\/blogseyir.com\/wp\/wp-json\/wp\/v2\/categories?post=28298"},{"taxonomy":"post_tag","embeddable":true,"href":"https:\/\/blogseyir.com\/wp\/wp-json\/wp\/v2\/tags?post=28298"}],"curies":[{"name":"wp","href":"https:\/\/api.w.org\/{rel}","templated":true}]}}