{"id":28237,"date":"2025-08-05T19:40:35","date_gmt":"2025-08-05T19:40:35","guid":{"rendered":"https:\/\/blogseyir.com\/wp\/?p=28237"},"modified":"2025-08-05T19:40:37","modified_gmt":"2025-08-05T19:40:37","slug":"na-iku-nje-vajze-model-semundja-e-rende-i-merr-jeten-gjimnazistes-shkolla-e-kavajes-bene-dedikimin-prekes","status":"publish","type":"post","link":"https:\/\/blogseyir.com\/wp\/na-iku-nje-vajze-model-semundja-e-rende-i-merr-jeten-gjimnazistes-shkolla-e-kavajes-bene-dedikimin-prekes\/","title":{"rendered":"&#8216;Na iku nj\u00eb vajz\u00eb model&#8230;&#8217; S\u00ebmundja e r\u00ebnd\u00eb i merr jet\u00ebn gjimnazistes, shkolla e Kavaj\u00ebs b\u00ebn\u00eb dedikimin prek\u00ebs&#8230;&#8217;"},"content":{"rendered":"<p>Sindi, nj\u00eb vajz\u00eb shembullore dhe nj\u00eb nx\u00ebn\u00ebse e p\u00ebrkushtuar e gjimnazit &#8220;Aleksand\u00ebr Moisiu&#8221; n\u00eb Kavaj\u00eb, ka nd\u00ebrruar jet\u00eb. Ajo vuante nga nj\u00eb s\u00ebmundje e r\u00ebnd\u00eb, betej\u00ebn me t\u00eb cil\u00ebn fatkeq\u00ebsisht nuk e ka fituar duke mbyllur syt\u00eb p\u00ebrgjithmon\u00eb n\u00eb lule t\u00eb mosh\u00ebs.<\/p>\n<p>Gjimnazi i qyteti ku ajo m\u00ebsonte ka ndar\u00eb nj\u00eb mesazh prek\u00ebs, p\u00ebr ikjen e padrejt\u00eb dhe t\u00eb parakohshme t\u00eb nj\u00eb vajze model si Sindi.<\/p>\n<p>&#8220;Sot n\u00eb bot\u00ebn e yjeve u shtua edhe nj\u00eb engj\u00ebll me emrin m\u00eb t\u00eb bukur: Sindi. Nd\u00ebrsa ne, tok\u00ebsor\u00ebt, humb\u00ebm nj\u00eb vajz\u00eb t\u00eb rrall\u00eb\u2026 Nj\u00eb bij\u00eb, nj\u00eb mbes\u00eb, nj\u00eb kush\u00ebrir\u00eb, nj\u00eb shoqe, nj\u00eb mike, nj\u00eb nx\u00ebn\u00ebse&#8221;, thuhet n\u00eb mesazhin e shp\u00ebrndar\u00eb nga gjimnazi &#8220;Aleksand\u00ebr Moisiu&#8221;.<\/p>\n<p><img loading=\"lazy\" decoding=\"async\" class=\"alignnone size-full wp-image-29050\" src=\"https:\/\/post.gazetatirana.com\/wp-content\/uploads\/2025\/08\/image-120.webp\" alt=\"\" width=\"699\" height=\"817\" \/><\/p>\n<p>Dhimbja \u00ebsht\u00eb e pamat\u00eb edhe p\u00ebr prind\u00ebrit e saj, q\u00eb i q\u00ebndruan pran\u00eb n\u00eb \u00e7do moment, pavar\u00ebsisht s\u00ebmundjes s\u00eb pam\u00ebshirshme q\u00eb avanconte p\u00ebrdit\u00eb.<\/p>\n<p>&#8220;Na iku nj\u00eb vajz\u00eb model. E bukur, e men\u00e7ur, e dashur. Na iku nj\u00eb mjeke e ardhshme\u2026 Por nga lart, jemi t\u00eb bindur q\u00eb Sindi do sh\u00ebroj\u00eb zemrat e prind\u00ebrve t\u00eb saj s\u00eb pari.<\/p>\n<p>Faleminderit Sindi, q\u00eb ishe shembulli q\u00eb \u00e7do n\u00ebn\u00eb, \u00e7do m\u00ebsues, \u00e7do shoqe do donte. Na m\u00ebsove \u00e7\u2019do t\u00eb thot\u00eb mir\u00ebsi, drit\u00eb, qet\u00ebsi\u2026 Na le nj\u00eb boshll\u00ebk t\u00eb madh, por edhe nj\u00eb kujtim q\u00eb s\u2019do shuhet kurr\u00eb&#8221;, vijon mesazhi i stafit pedagogjik.<\/p>\n<p><iframe loading=\"lazy\" style=\"border: none; overflow: hidden;\" src=\"https:\/\/www.facebook.com\/plugins\/post.php?href=https%3A%2F%2Fwww.facebook.com%2FAleksanderMoisiu505%2Fposts%2F1414227287172488&amp;show_text=true&amp;width=500\" width=\"500\" height=\"672\" frameborder=\"0\" scrolling=\"no\" allowfullscreen=\"allowfullscreen\"><\/iframe><\/p>\n<p>Sindi do ju mungoj\u00eb shum\u00eb edhe shok\u00ebve e shoqeve t\u00eb gjimnazit, m\u00ebsuesve dhe gjith\u00eb qytetit t\u00eb Kavaj\u00ebs q\u00eb dje ka p\u00ebrjetuar nj\u00eb boshll\u00ebk t\u00eb madh. Mesazhet dhe komentet p\u00ebr ikjen e s\u00eb res\u00eb jan\u00eb me qindra.<\/p>\n<p>&#8220;Buz\u00ebqesh nga atje lart, si\u00e7 vet\u00ebm ti dije t\u00eb buz\u00ebqeshje. Tani Zoti t\u00eb ka pran\u00eb vetes .. dhe ne t\u00eb kemi n\u00eb zem\u00ebr, p\u00ebrgjithmon\u00eb.&#8221;<\/p>\n<div id=\"blogs-404227580\" class=\"blogs-adsense-after-kontent blogs-entity-placement\"><script async src=\"https:\/\/pagead2.googlesyndication.com\/pagead\/js\/adsbygoogle.js\"\r\n     crossorigin=\"anonymous\"><\/script>\r\n<!-- Tiranaread -->\r\n<ins class=\"adsbygoogle\"\r\n     style=\"display:inline-block;width:728px;height:90px\"\r\n     data-ad-client=\"ca-pub-2355142065052501\"\r\n\t data-page-url=\"https:\/\/blogseyir.com\"\r\n     data-ad-slot=\"7464751963\"><\/ins>\r\n<script>\r\n     (adsbygoogle = window.adsbygoogle || []).push({});\r\n<\/script><\/div>","protected":false},"excerpt":{"rendered":"<p>Sindi, nj\u00eb vajz\u00eb shembullore dhe nj\u00eb nx\u00ebn\u00ebse e p\u00ebrkushtuar e gjimnazit &#8220;Aleksand\u00ebr Moisiu&#8221; n\u00eb Kavaj\u00eb, ka nd\u00ebrruar jet\u00eb. Ajo vuante nga nj\u00eb s\u00ebmundje e r\u00ebnd\u00eb, betej\u00ebn me t\u00eb cil\u00ebn fatkeq\u00ebsisht nuk e ka fituar duke mbyllur syt\u00eb p\u00ebrgjithmon\u00eb n\u00eb lule t\u00eb mosh\u00ebs. Gjimnazi i qyteti ku ajo m\u00ebsonte ka ndar\u00eb nj\u00eb mesazh prek\u00ebs, p\u00ebr ikjen [&hellip;]<\/p>\n","protected":false},"author":1,"featured_media":28239,"comment_status":"open","ping_status":"closed","sticky":false,"template":"","format":"standard","meta":{"footnotes":""},"categories":[32],"tags":[1533,1532,228,41],"class_list":["post-28237","post","type-post","status-publish","format-standard","has-post-thumbnail","hentry","category-te-fundit","tag-aleksander-moisiu","tag-shkolla-e-kavajes","tag-sindi","tag-vdekje"],"_links":{"self":[{"href":"https:\/\/blogseyir.com\/wp\/wp-json\/wp\/v2\/posts\/28237","targetHints":{"allow":["GET"]}}],"collection":[{"href":"https:\/\/blogseyir.com\/wp\/wp-json\/wp\/v2\/posts"}],"about":[{"href":"https:\/\/blogseyir.com\/wp\/wp-json\/wp\/v2\/types\/post"}],"author":[{"embeddable":true,"href":"https:\/\/blogseyir.com\/wp\/wp-json\/wp\/v2\/users\/1"}],"replies":[{"embeddable":true,"href":"https:\/\/blogseyir.com\/wp\/wp-json\/wp\/v2\/comments?post=28237"}],"version-history":[{"count":1,"href":"https:\/\/blogseyir.com\/wp\/wp-json\/wp\/v2\/posts\/28237\/revisions"}],"predecessor-version":[{"id":28238,"href":"https:\/\/blogseyir.com\/wp\/wp-json\/wp\/v2\/posts\/28237\/revisions\/28238"}],"wp:featuredmedia":[{"embeddable":true,"href":"https:\/\/blogseyir.com\/wp\/wp-json\/wp\/v2\/media\/28239"}],"wp:attachment":[{"href":"https:\/\/blogseyir.com\/wp\/wp-json\/wp\/v2\/media?parent=28237"}],"wp:term":[{"taxonomy":"category","embeddable":true,"href":"https:\/\/blogseyir.com\/wp\/wp-json\/wp\/v2\/categories?post=28237"},{"taxonomy":"post_tag","embeddable":true,"href":"https:\/\/blogseyir.com\/wp\/wp-json\/wp\/v2\/tags?post=28237"}],"curies":[{"name":"wp","href":"https:\/\/api.w.org\/{rel}","templated":true}]}}