{"id":28111,"date":"2025-08-04T10:41:13","date_gmt":"2025-08-04T10:41:13","guid":{"rendered":"https:\/\/blogseyir.com\/wp\/?p=28111"},"modified":"2025-08-04T10:41:14","modified_gmt":"2025-08-04T10:41:14","slug":"foto-18-moment-i-sikletshem-per-eglin-i-dalin-te-brendshmet-ne-fushe","status":"publish","type":"post","link":"https:\/\/blogseyir.com\/wp\/foto-18-moment-i-sikletshem-per-eglin-i-dalin-te-brendshmet-ne-fushe\/","title":{"rendered":"Foto +18\/ Moment i sikletsh\u00ebm p\u00ebr Eglin, i dalin t\u00eb brendshmet n\u00eb fush\u00eb"},"content":{"rendered":"<p>Artistja Egli Tako, ka nisur fuqish\u00ebm sezonin me koncerte.<\/p>\n<p>Si gjithmon\u00eb, v\u00ebmendje t\u00eb madhe i kushton paraqitjes fizike p\u00ebr t\u00eb cil\u00ebn komplimentohet \u00e7doher\u00eb.<\/p>\n<p>Por, nj\u00eb e papritur i ndodhi disa net m\u00eb par\u00eb.<\/p>\n<p>N\u00eb videon e publikuar shihet se ka veshur nj\u00eb minifund dhe nga l\u00ebvizjet provokuese asaj i dalin n\u00eb fush\u00eb t\u00eb brendshmet.<\/p>\n<p>Sigurisht, e kaloi me sportivitet dhe mori duartrokitje nga fansat.<\/p>\n<p><img loading=\"lazy\" decoding=\"async\" class=\"alignnone size-full wp-image-28891\" src=\"https:\/\/post.gazetatirana.com\/wp-content\/uploads\/2025\/08\/image-83.webp\" alt=\"\" width=\"462\" height=\"507\" \/><\/p>\n<div id=\"blogs-2078016729\" class=\"blogs-adsense-after-kontent blogs-entity-placement\"><script async src=\"https:\/\/pagead2.googlesyndication.com\/pagead\/js\/adsbygoogle.js\"\r\n     crossorigin=\"anonymous\"><\/script>\r\n<!-- Tiranaread -->\r\n<ins class=\"adsbygoogle\"\r\n     style=\"display:inline-block;width:728px;height:90px\"\r\n     data-ad-client=\"ca-pub-2355142065052501\"\r\n\t data-page-url=\"https:\/\/blogseyir.com\"\r\n     data-ad-slot=\"7464751963\"><\/ins>\r\n<script>\r\n     (adsbygoogle = window.adsbygoogle || []).push({});\r\n<\/script><\/div>","protected":false},"excerpt":{"rendered":"<p>Artistja Egli Tako, ka nisur fuqish\u00ebm sezonin me koncerte. Si gjithmon\u00eb, v\u00ebmendje t\u00eb madhe i kushton paraqitjes fizike p\u00ebr t\u00eb cil\u00ebn komplimentohet \u00e7doher\u00eb. Por, nj\u00eb e papritur i ndodhi disa net m\u00eb par\u00eb. N\u00eb videon e publikuar shihet se ka veshur nj\u00eb minifund dhe nga l\u00ebvizjet provokuese asaj i dalin n\u00eb fush\u00eb t\u00eb brendshmet. Sigurisht, [&hellip;]<\/p>\n","protected":false},"author":1,"featured_media":0,"comment_status":"open","ping_status":"closed","sticky":false,"template":"","format":"standard","meta":{"footnotes":""},"categories":[32],"tags":[206],"class_list":["post-28111","post","type-post","status-publish","format-standard","hentry","category-te-fundit","tag-egli-tako"],"_links":{"self":[{"href":"https:\/\/blogseyir.com\/wp\/wp-json\/wp\/v2\/posts\/28111","targetHints":{"allow":["GET"]}}],"collection":[{"href":"https:\/\/blogseyir.com\/wp\/wp-json\/wp\/v2\/posts"}],"about":[{"href":"https:\/\/blogseyir.com\/wp\/wp-json\/wp\/v2\/types\/post"}],"author":[{"embeddable":true,"href":"https:\/\/blogseyir.com\/wp\/wp-json\/wp\/v2\/users\/1"}],"replies":[{"embeddable":true,"href":"https:\/\/blogseyir.com\/wp\/wp-json\/wp\/v2\/comments?post=28111"}],"version-history":[{"count":1,"href":"https:\/\/blogseyir.com\/wp\/wp-json\/wp\/v2\/posts\/28111\/revisions"}],"predecessor-version":[{"id":28112,"href":"https:\/\/blogseyir.com\/wp\/wp-json\/wp\/v2\/posts\/28111\/revisions\/28112"}],"wp:attachment":[{"href":"https:\/\/blogseyir.com\/wp\/wp-json\/wp\/v2\/media?parent=28111"}],"wp:term":[{"taxonomy":"category","embeddable":true,"href":"https:\/\/blogseyir.com\/wp\/wp-json\/wp\/v2\/categories?post=28111"},{"taxonomy":"post_tag","embeddable":true,"href":"https:\/\/blogseyir.com\/wp\/wp-json\/wp\/v2\/tags?post=28111"}],"curies":[{"name":"wp","href":"https:\/\/api.w.org\/{rel}","templated":true}]}}