{"id":27948,"date":"2025-08-02T09:09:54","date_gmt":"2025-08-02T09:09:54","guid":{"rendered":"https:\/\/blogseyir.com\/wp\/?p=27948"},"modified":"2025-08-02T09:09:55","modified_gmt":"2025-08-02T09:09:55","slug":"ngjarje-e-rende-ne-vend-gjendet-i-pjete-nje-person-ne-oborrin-e-shtepise","status":"publish","type":"post","link":"https:\/\/blogseyir.com\/wp\/ngjarje-e-rende-ne-vend-gjendet-i-pjete-nje-person-ne-oborrin-e-shtepise\/","title":{"rendered":"Ngjarje e r\u00ebnd\u00eb n\u00eb vend: Gjendet i p*jet\u00eb nj\u00eb person n\u00eb oborrin e sht\u00ebpis\u00eb"},"content":{"rendered":"<p>Rreth or\u00ebs 23:30, n\u00eb fshatin Polen\u00eb, \u00ebsht\u00eb gjetur nga familjar\u00ebt,<\/p>\n<p>n\u00eb oborrin e banes\u00ebs s\u00eb tij, pa shenja jete dhe pa shenja dhune, shtetasi P. V., 68 vje\u00e7.<\/p>\n<p>Ky shtetas dyshohet t\u00eb ket\u00eb nd\u00ebrruar jet\u00eb p\u00ebr shkaqe natyrale. Grupi hetimor po punon p\u00ebr zbardhjen e rrethanave t\u00eb rastit.<\/p>\n<div id=\"blogs-1900473711\" class=\"blogs-after-content blogs-entity-placement\"><div id=\"div-gpt-ad-1770230601260-0\" style=\"width:300px; height:600px;\"><\/div><\/div><div id=\"blogs-2800967431\" class=\"blogs-adsense-after-kontent blogs-entity-placement\"><script async src=\"https:\/\/pagead2.googlesyndication.com\/pagead\/js\/adsbygoogle.js\"\r\n     crossorigin=\"anonymous\"><\/script>\r\n<!-- Tiranaread -->\r\n<ins class=\"adsbygoogle\"\r\n     style=\"display:inline-block;width:728px;height:90px\"\r\n     data-ad-client=\"ca-pub-2355142065052501\"\r\n\t data-page-url=\"https:\/\/blogseyir.com\"\r\n     data-ad-slot=\"7464751963\"><\/ins>\r\n<script>\r\n     (adsbygoogle = window.adsbygoogle || []).push({});\r\n<\/script><\/div>","protected":false},"excerpt":{"rendered":"<p>Rreth or\u00ebs 23:30, n\u00eb fshatin Polen\u00eb, \u00ebsht\u00eb gjetur nga familjar\u00ebt, n\u00eb oborrin e banes\u00ebs s\u00eb tij, pa shenja jete dhe pa shenja dhune, shtetasi P. V., 68 vje\u00e7. Ky shtetas dyshohet t\u00eb ket\u00eb nd\u00ebrruar jet\u00eb p\u00ebr shkaqe natyrale. Grupi hetimor po punon p\u00ebr zbardhjen e rrethanave t\u00eb rastit.<\/p>\n","protected":false},"author":1,"featured_media":27950,"comment_status":"open","ping_status":"closed","sticky":false,"template":"","format":"standard","meta":{"footnotes":""},"categories":[32],"tags":[43,55,40],"class_list":["post-27948","post","type-post","status-publish","format-standard","has-post-thumbnail","hentry","category-te-fundit","tag-korce","tag-ngjarje","tag-te-fundit"],"_links":{"self":[{"href":"https:\/\/blogseyir.com\/wp\/wp-json\/wp\/v2\/posts\/27948","targetHints":{"allow":["GET"]}}],"collection":[{"href":"https:\/\/blogseyir.com\/wp\/wp-json\/wp\/v2\/posts"}],"about":[{"href":"https:\/\/blogseyir.com\/wp\/wp-json\/wp\/v2\/types\/post"}],"author":[{"embeddable":true,"href":"https:\/\/blogseyir.com\/wp\/wp-json\/wp\/v2\/users\/1"}],"replies":[{"embeddable":true,"href":"https:\/\/blogseyir.com\/wp\/wp-json\/wp\/v2\/comments?post=27948"}],"version-history":[{"count":1,"href":"https:\/\/blogseyir.com\/wp\/wp-json\/wp\/v2\/posts\/27948\/revisions"}],"predecessor-version":[{"id":27949,"href":"https:\/\/blogseyir.com\/wp\/wp-json\/wp\/v2\/posts\/27948\/revisions\/27949"}],"wp:featuredmedia":[{"embeddable":true,"href":"https:\/\/blogseyir.com\/wp\/wp-json\/wp\/v2\/media\/27950"}],"wp:attachment":[{"href":"https:\/\/blogseyir.com\/wp\/wp-json\/wp\/v2\/media?parent=27948"}],"wp:term":[{"taxonomy":"category","embeddable":true,"href":"https:\/\/blogseyir.com\/wp\/wp-json\/wp\/v2\/categories?post=27948"},{"taxonomy":"post_tag","embeddable":true,"href":"https:\/\/blogseyir.com\/wp\/wp-json\/wp\/v2\/tags?post=27948"}],"curies":[{"name":"wp","href":"https:\/\/api.w.org\/{rel}","templated":true}]}}