{"id":27803,"date":"2025-07-31T08:58:11","date_gmt":"2025-07-31T08:58:11","guid":{"rendered":"https:\/\/blogseyir.com\/wp\/?p=27803"},"modified":"2025-07-31T08:58:11","modified_gmt":"2025-07-31T08:58:11","slug":"cfare-po-ndodh-ne-bashkine-e-tiranes-japin-doreheqjen-kater-nenkryetaret-e-emrat","status":"publish","type":"post","link":"https:\/\/blogseyir.com\/wp\/cfare-po-ndodh-ne-bashkine-e-tiranes-japin-doreheqjen-kater-nenkryetaret-e-emrat\/","title":{"rendered":"Cfar\u00eb po ndodh n\u00eb Bashkin\u00eb e Tiran\u00ebs? Japin dor\u00ebheqjen kat\u00ebr n\u00ebnkryetar\u00ebt e&#8230;(Emrat)"},"content":{"rendered":"<p>Kat\u00ebr n\u00ebnkryetar\u00ebt e Bashkis\u00eb s\u00eb Tiran\u00ebs kan\u00eb dh\u00ebn\u00eb dor\u00ebheqjen.<\/p>\n<p>Ky vendim erdhi pas urdhrit q\u00eb kreu i qeveris\u00eb Edi Rama tha prej fillimit t\u00eb korrikut, ku p\u00ebrpos bashkive t\u00eb tjera t\u00eb vendit,<\/p>\n<p>kjo k\u00ebrkes\u00eb u zbatuar edhe n\u00eb Bashkin\u00eb e Tiran\u00ebs e cila prej shkurtit \u00ebsht\u00eb duke u drejtuar p\u00ebrkoh\u00ebsisht nga Anuela Ristani pasi Erion Veliaj ndodhet n\u00eb qeli.<\/p>\n<p>Frida Pashko, Andi Seferi, Keti Luarasi dhe Jonida Halili, jan\u00eb kat\u00ebr n\u00ebnkryetar\u00ebt t\u00eb cil\u00ebt i dor\u00ebzuan n\u00eb tryez\u00eb dor\u00ebheqjet e tyre kryebashkiakes s\u00eb komanduar, Ristanit.<\/p>\n<p>Nd\u00ebrkoh\u00eb, q\u00eb n\u00eb vendin e tyre jan\u00eb caktuar Ilir Mengra, Blendi Sula, Gentian Keri dhe Vasilika Vjero.<\/p>\n<p>Vijon&#8230;.<\/p>\n<div id=\"blogs-245470020\" class=\"blogs-after-content blogs-entity-placement\"><div id=\"div-gpt-ad-1770230601260-0\" style=\"width:300px; height:600px;\"><\/div><\/div><div id=\"blogs-340108620\" class=\"blogs-adsense-after-kontent blogs-entity-placement\"><script async src=\"https:\/\/pagead2.googlesyndication.com\/pagead\/js\/adsbygoogle.js\"\r\n     crossorigin=\"anonymous\"><\/script>\r\n<!-- Tiranaread -->\r\n<ins class=\"adsbygoogle\"\r\n     style=\"display:inline-block;width:728px;height:90px\"\r\n     data-ad-client=\"ca-pub-2355142065052501\"\r\n\t data-page-url=\"https:\/\/blogseyir.com\"\r\n     data-ad-slot=\"7464751963\"><\/ins>\r\n<script>\r\n     (adsbygoogle = window.adsbygoogle || []).push({});\r\n<\/script><\/div>","protected":false},"excerpt":{"rendered":"<p>Kat\u00ebr n\u00ebnkryetar\u00ebt e Bashkis\u00eb s\u00eb Tiran\u00ebs kan\u00eb dh\u00ebn\u00eb dor\u00ebheqjen. Ky vendim erdhi pas urdhrit q\u00eb kreu i qeveris\u00eb Edi Rama tha prej fillimit t\u00eb korrikut, ku p\u00ebrpos bashkive t\u00eb tjera t\u00eb vendit, kjo k\u00ebrkes\u00eb u zbatuar edhe n\u00eb Bashkin\u00eb e Tiran\u00ebs e cila prej shkurtit \u00ebsht\u00eb duke u drejtuar p\u00ebrkoh\u00ebsisht nga Anuela Ristani pasi Erion [&hellip;]<\/p>\n","protected":false},"author":1,"featured_media":27805,"comment_status":"open","ping_status":"closed","sticky":false,"template":"","format":"standard","meta":{"footnotes":""},"categories":[32],"tags":[1474,342],"class_list":["post-27803","post","type-post","status-publish","format-standard","has-post-thumbnail","hentry","category-te-fundit","tag-bashkia-e-tiranes","tag-edi-rama"],"_links":{"self":[{"href":"https:\/\/blogseyir.com\/wp\/wp-json\/wp\/v2\/posts\/27803","targetHints":{"allow":["GET"]}}],"collection":[{"href":"https:\/\/blogseyir.com\/wp\/wp-json\/wp\/v2\/posts"}],"about":[{"href":"https:\/\/blogseyir.com\/wp\/wp-json\/wp\/v2\/types\/post"}],"author":[{"embeddable":true,"href":"https:\/\/blogseyir.com\/wp\/wp-json\/wp\/v2\/users\/1"}],"replies":[{"embeddable":true,"href":"https:\/\/blogseyir.com\/wp\/wp-json\/wp\/v2\/comments?post=27803"}],"version-history":[{"count":1,"href":"https:\/\/blogseyir.com\/wp\/wp-json\/wp\/v2\/posts\/27803\/revisions"}],"predecessor-version":[{"id":27804,"href":"https:\/\/blogseyir.com\/wp\/wp-json\/wp\/v2\/posts\/27803\/revisions\/27804"}],"wp:featuredmedia":[{"embeddable":true,"href":"https:\/\/blogseyir.com\/wp\/wp-json\/wp\/v2\/media\/27805"}],"wp:attachment":[{"href":"https:\/\/blogseyir.com\/wp\/wp-json\/wp\/v2\/media?parent=27803"}],"wp:term":[{"taxonomy":"category","embeddable":true,"href":"https:\/\/blogseyir.com\/wp\/wp-json\/wp\/v2\/categories?post=27803"},{"taxonomy":"post_tag","embeddable":true,"href":"https:\/\/blogseyir.com\/wp\/wp-json\/wp\/v2\/tags?post=27803"}],"curies":[{"name":"wp","href":"https:\/\/api.w.org\/{rel}","templated":true}]}}