{"id":27712,"date":"2025-07-30T10:40:09","date_gmt":"2025-07-30T10:40:09","guid":{"rendered":"https:\/\/blogseyir.com\/wp\/?p=27712"},"modified":"2025-07-30T10:40:10","modified_gmt":"2025-07-30T10:40:10","slug":"ngjarje-e-rende-humb-jeten-ne-nje-aksident-tragjik-me-varke-mbesa-7-vjecare-e-producenteve-te-njohur","status":"publish","type":"post","link":"https:\/\/blogseyir.com\/wp\/ngjarje-e-rende-humb-jeten-ne-nje-aksident-tragjik-me-varke-mbesa-7-vjecare-e-producenteve-te-njohur\/","title":{"rendered":"Ngjarje e r\u00ebnd\u00eb! Humb jet\u00ebn n\u00eb nj\u00eb aksident tragjik me vark\u00eb mbesa 7-vje\u00e7are e producent\u00ebve t\u00eb njohur"},"content":{"rendered":"<p>Mila, 7 vje\u00e7e, mbesa e producent\u00ebve t\u00eb njohur argjentinas Cris Morena dhe Gustavo Yankelevich, ka humbur jet\u00ebn n\u00eb nj\u00eb aksident t\u00eb r\u00ebnd\u00eb me vark\u00eb n\u00eb uj\u00ebrat e Miami-t.<\/p>\n<p>P\u00ebrve\u00e7 saj, humbi jet\u00ebn edhe nj\u00eb vajz\u00eb tjet\u00ebr 13-vje\u00e7are, ende e paidentifikuar. Dy f\u00ebmij\u00eb t\u00eb tjer\u00eb, t\u00eb mosh\u00ebs 8 dhe 11 vje\u00e7, mbet\u00ebn n\u00eb gjendje kritike. N\u00eb vark\u00eb ndodhej edhe nj\u00eb instruktor 19-vje\u00e7ar, i cili mbijetoi s\u00eb bashku me nj\u00eb vajz\u00eb tjet\u00ebr 12-vje\u00e7are.<\/p>\n<p><img loading=\"lazy\" decoding=\"async\" class=\"alignnone size-full wp-image-28312\" src=\"https:\/\/post.gazetatirana.com\/wp-content\/uploads\/2025\/07\/image-623.webp\" alt=\"\" width=\"729\" height=\"430\" \/><\/p>\n<p>Ngjarja ndodhi t\u00eb h\u00ebn\u00ebn rreth or\u00ebs 11:00 pran\u00eb ishullit Hibiscus, n\u00eb gjirin e Biscayne, kur varka me vela n\u00eb t\u00eb cil\u00ebn ndodhej Mila u p\u00ebrplas nga nj\u00eb barzh\u00eb 60 metra e gjat\u00eb. Ajo ishte pjes\u00eb e nj\u00eb kampi veror t\u00eb organizuar nga \u201cMiami Youth Sailing Foundation\u201d, pran\u00eb \u201cMiami Yacht Club\u201d. Vajza u shpall e vdekur n\u00eb vend.<\/p>\n<p><img loading=\"lazy\" decoding=\"async\" class=\"alignnone size-full wp-image-28311\" src=\"https:\/\/post.gazetatirana.com\/wp-content\/uploads\/2025\/07\/image-622.webp\" alt=\"\" width=\"907\" height=\"488\" \/><\/p>\n<p>Familja e Mil\u00ebs jetonte n\u00eb Surfside, Florida. Babai i saj, Tom\u00e1s Yankelevich, \u00ebsht\u00eb regjisor dhe producent, nd\u00ebrsa n\u00ebna, Sofia Reca, \u00ebsht\u00eb aktore.<\/p>\n<p>Roja Bregdetare e SHBA po heton shkaqet e aksidentit dhe ka konfirmuar se do t\u00eb merret n\u00eb pyetje kapiteni i mjetit lundrues. Nj\u00eb nga pistat kryesore \u00ebsht\u00eb n\u00ebse barzha konsiderohej mjet me l\u00ebvizshm\u00ebri t\u00eb kufizuar, \u00e7ka do t\u2019i jepte p\u00ebrpar\u00ebsi n\u00eb lundrim.<\/p>\n<p><img loading=\"lazy\" decoding=\"async\" class=\"alignnone size-full wp-image-28310\" src=\"https:\/\/post.gazetatirana.com\/wp-content\/uploads\/2025\/07\/image-621.webp\" alt=\"\" width=\"902\" height=\"489\" \/><\/p>\n<p>P\u00ebrfaq\u00ebsues t\u00eb klubit t\u00eb lundrimit pohuan se, p\u00ebr shkak t\u00eb munges\u00ebs s\u00eb er\u00ebs n\u00eb ato momente, instruktori i ri nuk kishte mund\u00ebsi ta kthente me koh\u00eb vark\u00ebn p\u00ebr t\u00eb shmangur p\u00ebrplasjen<\/p>\n<p>&nbsp;<\/p>\n<div id=\"blogs-3052012541\" class=\"blogs-adsense-after-kontent blogs-entity-placement\"><script async src=\"https:\/\/pagead2.googlesyndication.com\/pagead\/js\/adsbygoogle.js\"\r\n     crossorigin=\"anonymous\"><\/script>\r\n<!-- Tiranaread -->\r\n<ins class=\"adsbygoogle\"\r\n     style=\"display:inline-block;width:728px;height:90px\"\r\n     data-ad-client=\"ca-pub-2355142065052501\"\r\n\t data-page-url=\"https:\/\/blogseyir.com\"\r\n     data-ad-slot=\"7464751963\"><\/ins>\r\n<script>\r\n     (adsbygoogle = window.adsbygoogle || []).push({});\r\n<\/script><\/div>","protected":false},"excerpt":{"rendered":"<p>Mila, 7 vje\u00e7e, mbesa e producent\u00ebve t\u00eb njohur argjentinas Cris Morena dhe Gustavo Yankelevich, ka humbur jet\u00ebn n\u00eb nj\u00eb aksident t\u00eb r\u00ebnd\u00eb me vark\u00eb n\u00eb uj\u00ebrat e Miami-t. P\u00ebrve\u00e7 saj, humbi jet\u00ebn edhe nj\u00eb vajz\u00eb tjet\u00ebr 13-vje\u00e7are, ende e paidentifikuar. Dy f\u00ebmij\u00eb t\u00eb tjer\u00eb, t\u00eb mosh\u00ebs 8 dhe 11 vje\u00e7, mbet\u00ebn n\u00eb gjendje kritike. N\u00eb [&hellip;]<\/p>\n","protected":false},"author":1,"featured_media":27714,"comment_status":"open","ping_status":"closed","sticky":false,"template":"","format":"standard","meta":{"footnotes":""},"categories":[32],"tags":[1455,1456,1457,1330,41],"class_list":["post-27712","post","type-post","status-publish","format-standard","has-post-thumbnail","hentry","category-te-fundit","tag-7-vjec","tag-cris-morena","tag-gustavo-yankelevich","tag-mbesa","tag-vdekje"],"_links":{"self":[{"href":"https:\/\/blogseyir.com\/wp\/wp-json\/wp\/v2\/posts\/27712","targetHints":{"allow":["GET"]}}],"collection":[{"href":"https:\/\/blogseyir.com\/wp\/wp-json\/wp\/v2\/posts"}],"about":[{"href":"https:\/\/blogseyir.com\/wp\/wp-json\/wp\/v2\/types\/post"}],"author":[{"embeddable":true,"href":"https:\/\/blogseyir.com\/wp\/wp-json\/wp\/v2\/users\/1"}],"replies":[{"embeddable":true,"href":"https:\/\/blogseyir.com\/wp\/wp-json\/wp\/v2\/comments?post=27712"}],"version-history":[{"count":1,"href":"https:\/\/blogseyir.com\/wp\/wp-json\/wp\/v2\/posts\/27712\/revisions"}],"predecessor-version":[{"id":27713,"href":"https:\/\/blogseyir.com\/wp\/wp-json\/wp\/v2\/posts\/27712\/revisions\/27713"}],"wp:featuredmedia":[{"embeddable":true,"href":"https:\/\/blogseyir.com\/wp\/wp-json\/wp\/v2\/media\/27714"}],"wp:attachment":[{"href":"https:\/\/blogseyir.com\/wp\/wp-json\/wp\/v2\/media?parent=27712"}],"wp:term":[{"taxonomy":"category","embeddable":true,"href":"https:\/\/blogseyir.com\/wp\/wp-json\/wp\/v2\/categories?post=27712"},{"taxonomy":"post_tag","embeddable":true,"href":"https:\/\/blogseyir.com\/wp\/wp-json\/wp\/v2\/tags?post=27712"}],"curies":[{"name":"wp","href":"https:\/\/api.w.org\/{rel}","templated":true}]}}