{"id":27558,"date":"2025-07-28T12:17:17","date_gmt":"2025-07-28T12:17:17","guid":{"rendered":"https:\/\/blogseyir.com\/wp\/?p=27558"},"modified":"2025-07-28T12:17:18","modified_gmt":"2025-07-28T12:17:18","slug":"te-qeta-pa-shenja-dhimbje-dhe-pendese-ne-fytyre-paraqiten-para-gjykate-nen-e-bije-qe-i-moren-jeten-te-atit","status":"publish","type":"post","link":"https:\/\/blogseyir.com\/wp\/te-qeta-pa-shenja-dhimbje-dhe-pendese-ne-fytyre-paraqiten-para-gjykate-nen-e-bije-qe-i-moren-jeten-te-atit\/","title":{"rendered":"&#8216;T\u00eb qeta, pa shenja dhimbje dhe pendese n\u00eb fytyr\u00eb&#8230;&#8217; Paraqiten para gjykate n\u00ebn e bij\u00eb q\u00eb i mor\u00ebn jet\u00ebn t\u00eb atit"},"content":{"rendered":"<p>Jan\u00eb paraqitur n\u00eb Gjykat\u00ebn e Fierit tre t\u00eb dyshuarit p\u00ebr vrasjen e 56-vje\u00e7arit Anesti Rama, i cili u ekzekutua n\u00eb fshatin Frash\u00ebr t\u00eb Patosit. I pari n\u00eb gjykat\u00eb mb\u00ebrriti \u00c7lirim Dogani, i dyshuar si bashk\u00ebpun\u00ebtor n\u00eb krim, nd\u00ebrsa m\u00eb pas mb\u00ebrrit\u00ebn edhe vajza e viktim\u00ebs, Ermelinda Rama, e konsideruar si autorja kryesore dhe n\u00ebna e saj, e cila akuzohet p\u00ebr moskall\u00ebzim krimi dhe dh\u00ebnie ndihme pas vrasjes.<\/p>\n<p>Pamjet filmike nga gjykata tregojn\u00eb n\u00ebn\u00eb e bij\u00eb t\u00eb qeta dhe pa shenja pendese p\u00ebr krimin e kryer, gj\u00eb q\u00eb ka nxitur reagime t\u00eb forta n\u00eb opinionin publik.<\/p>\n<p>Sipas hetimeve paraprake, dyshohet se mes Ermelinda Ram\u00ebs dhe \u00c7lirim Doganit ka pasur nj\u00eb marr\u00ebdh\u00ebnie intime q\u00eb nuk miratohej nga babai i saj. Konfliktet e vazhdueshme n\u00eb familje p\u00ebr k\u00ebt\u00eb lidhje dyshohet se kan\u00eb \u00e7uar n\u00eb p\u00ebrshkall\u00ebzimin e tensioneve dhe mbytjen e babait nga e bija me tel.<\/p>\n<p>Ermelinda punonte sezonalisht n\u00eb serat bujq\u00ebsore n\u00eb zon\u00ebn e Sukut n\u00eb Roskovec, ku dyshohet se \u00ebsht\u00eb njohur me Doganin, nj\u00eb burr\u00eb i martuar dhe baba i disa f\u00ebmij\u00ebve. Sipas t\u00eb dh\u00ebnave t\u00eb deritanishme, ekzekutimi i t\u00eb atit dyshohet se \u00ebsht\u00eb kryer nga vet\u00eb Ermelinda me ndihm\u00ebn e Doganit.<\/p>\n<p>Ky i fundit, n\u00eb d\u00ebshmin\u00eb e dh\u00ebn\u00eb para hetuesve, ka mohuar \u00e7do p\u00ebrfshirje n\u00eb ngjarje, duke pretenduar se ndodhej n\u00eb nj\u00eb tjet\u00ebr fshat n\u00eb momentin e krimit. Megjithat\u00eb, policia \u00ebsht\u00eb ende duke verifikuar alibit\u00eb dhe hetimet p\u00ebr zbardhjen e plot\u00eb t\u00eb dinamik\u00ebs s\u00eb ngjarjes jan\u00eb n\u00eb vijim.<\/p>\n<p>&nbsp;<\/p>\n<div id=\"blogs-4025800958\" class=\"blogs-after-content blogs-entity-placement\"><div id=\"div-gpt-ad-1770230601260-0\" style=\"width:300px; height:600px;\"><\/div><\/div><div id=\"blogs-2680100624\" class=\"blogs-adsense-after-kontent blogs-entity-placement\"><script async src=\"https:\/\/pagead2.googlesyndication.com\/pagead\/js\/adsbygoogle.js\"\r\n     crossorigin=\"anonymous\"><\/script>\r\n<!-- Tiranaread -->\r\n<ins class=\"adsbygoogle\"\r\n     style=\"display:inline-block;width:728px;height:90px\"\r\n     data-ad-client=\"ca-pub-2355142065052501\"\r\n\t data-page-url=\"https:\/\/blogseyir.com\"\r\n     data-ad-slot=\"7464751963\"><\/ins>\r\n<script>\r\n     (adsbygoogle = window.adsbygoogle || []).push({});\r\n<\/script><\/div>","protected":false},"excerpt":{"rendered":"<p>Jan\u00eb paraqitur n\u00eb Gjykat\u00ebn e Fierit tre t\u00eb dyshuarit p\u00ebr vrasjen e 56-vje\u00e7arit Anesti Rama, i cili u ekzekutua n\u00eb fshatin Frash\u00ebr t\u00eb Patosit. I pari n\u00eb gjykat\u00eb mb\u00ebrriti \u00c7lirim Dogani, i dyshuar si bashk\u00ebpun\u00ebtor n\u00eb krim, nd\u00ebrsa m\u00eb pas mb\u00ebrrit\u00ebn edhe vajza e viktim\u00ebs, Ermelinda Rama, e konsideruar si autorja kryesore dhe n\u00ebna e [&hellip;]<\/p>\n","protected":false},"author":1,"featured_media":27560,"comment_status":"open","ping_status":"closed","sticky":false,"template":"","format":"standard","meta":{"footnotes":""},"categories":[32],"tags":[1409,1405,511,1207,56],"class_list":["post-27558","post","type-post","status-publish","format-standard","has-post-thumbnail","hentry","category-te-fundit","tag-anesti-rama","tag-emanilda-rama","tag-fier","tag-gjykata","tag-vrasje"],"_links":{"self":[{"href":"https:\/\/blogseyir.com\/wp\/wp-json\/wp\/v2\/posts\/27558","targetHints":{"allow":["GET"]}}],"collection":[{"href":"https:\/\/blogseyir.com\/wp\/wp-json\/wp\/v2\/posts"}],"about":[{"href":"https:\/\/blogseyir.com\/wp\/wp-json\/wp\/v2\/types\/post"}],"author":[{"embeddable":true,"href":"https:\/\/blogseyir.com\/wp\/wp-json\/wp\/v2\/users\/1"}],"replies":[{"embeddable":true,"href":"https:\/\/blogseyir.com\/wp\/wp-json\/wp\/v2\/comments?post=27558"}],"version-history":[{"count":1,"href":"https:\/\/blogseyir.com\/wp\/wp-json\/wp\/v2\/posts\/27558\/revisions"}],"predecessor-version":[{"id":27559,"href":"https:\/\/blogseyir.com\/wp\/wp-json\/wp\/v2\/posts\/27558\/revisions\/27559"}],"wp:featuredmedia":[{"embeddable":true,"href":"https:\/\/blogseyir.com\/wp\/wp-json\/wp\/v2\/media\/27560"}],"wp:attachment":[{"href":"https:\/\/blogseyir.com\/wp\/wp-json\/wp\/v2\/media?parent=27558"}],"wp:term":[{"taxonomy":"category","embeddable":true,"href":"https:\/\/blogseyir.com\/wp\/wp-json\/wp\/v2\/categories?post=27558"},{"taxonomy":"post_tag","embeddable":true,"href":"https:\/\/blogseyir.com\/wp\/wp-json\/wp\/v2\/tags?post=27558"}],"curies":[{"name":"wp","href":"https:\/\/api.w.org\/{rel}","templated":true}]}}