{"id":27480,"date":"2025-07-27T16:12:42","date_gmt":"2025-07-27T16:12:42","guid":{"rendered":"https:\/\/blogseyir.com\/wp\/?p=27480"},"modified":"2025-07-27T16:12:43","modified_gmt":"2025-07-27T16:12:43","slug":"e-trishte-erdhi-per-pushime-20-vjecari-gjendjet-pa-shenja-jete-nga-familjaret-ne-sarande","status":"publish","type":"post","link":"https:\/\/blogseyir.com\/wp\/e-trishte-erdhi-per-pushime-20-vjecari-gjendjet-pa-shenja-jete-nga-familjaret-ne-sarande\/","title":{"rendered":"E trisht\u00eb! Erdhi p\u00ebr pushime, 20 vjecari gjendjet pa shenja jete nga familjar\u00ebt n\u00eb Sarand\u00eb"},"content":{"rendered":"<p>Nj\u00eb tjet\u00ebr humbje jete n\u00eb Sarand\u00eb q\u00eb dyshohet se vjen p\u00ebr shkake natyrale.<\/p>\n<p>Mosha e re e t\u00eb ndjerit ka v\u00ebn\u00eb n\u00eb pik\u00ebpyetje specialist\u00ebt e hetimeve, pasi 20 vje\u00e7ari nuk ka shenja dhune.<\/p>\n<p>Njoftimi i policis\u00eb:<br \/>\nSpecialist\u00ebt p\u00ebr Hetimin e Krimeve n\u00eb Komisariatin e Policis\u00eb Sarand\u00eb referuan materiale p\u00ebr vler\u00ebsim, pasi m\u00eb dat\u00eb 26.07.2025, n\u00eb lagjen nr. 1,<\/p>\n<p>Sarand\u00eb, n\u00eb banes\u00ebn ku q\u00ebndronte gjat\u00eb pushimeve, \u00ebsht\u00eb gjetur pa shenja jete nga familjar\u00ebt, shtetasi O. J., 20 vje\u00e7,<\/p>\n<p>banues n\u00eb Maqedoni. Nga k\u00ebqyrja paraprake nuk jan\u00eb konstatuar shenja dhune, dyshohet se 20 vje\u00e7ari ka nd\u00ebrruar jet\u00eb p\u00ebr shkaqe natyrale.<\/p>\n<div id=\"blogs-968319887\" class=\"blogs-after-content blogs-entity-placement\"><div id=\"div-gpt-ad-1770230601260-0\" style=\"width:300px; height:600px;\"><\/div><\/div><div id=\"blogs-2919200436\" class=\"blogs-adsense-after-kontent blogs-entity-placement\"><script async src=\"https:\/\/pagead2.googlesyndication.com\/pagead\/js\/adsbygoogle.js\"\r\n     crossorigin=\"anonymous\"><\/script>\r\n<!-- Tiranaread -->\r\n<ins class=\"adsbygoogle\"\r\n     style=\"display:inline-block;width:728px;height:90px\"\r\n     data-ad-client=\"ca-pub-2355142065052501\"\r\n\t data-page-url=\"https:\/\/blogseyir.com\"\r\n     data-ad-slot=\"7464751963\"><\/ins>\r\n<script>\r\n     (adsbygoogle = window.adsbygoogle || []).push({});\r\n<\/script><\/div>","protected":false},"excerpt":{"rendered":"<p>Nj\u00eb tjet\u00ebr humbje jete n\u00eb Sarand\u00eb q\u00eb dyshohet se vjen p\u00ebr shkake natyrale. Mosha e re e t\u00eb ndjerit ka v\u00ebn\u00eb n\u00eb pik\u00ebpyetje specialist\u00ebt e hetimeve, pasi 20 vje\u00e7ari nuk ka shenja dhune. Njoftimi i policis\u00eb: Specialist\u00ebt p\u00ebr Hetimin e Krimeve n\u00eb Komisariatin e Policis\u00eb Sarand\u00eb referuan materiale p\u00ebr vler\u00ebsim, pasi m\u00eb dat\u00eb 26.07.2025, n\u00eb [&hellip;]<\/p>\n","protected":false},"author":1,"featured_media":27482,"comment_status":"open","ping_status":"closed","sticky":false,"template":"","format":"standard","meta":{"footnotes":""},"categories":[32],"tags":[1427,253,40,41],"class_list":["post-27480","post","type-post","status-publish","format-standard","has-post-thumbnail","hentry","category-te-fundit","tag-20-vjecari","tag-sarande","tag-te-fundit","tag-vdekje"],"_links":{"self":[{"href":"https:\/\/blogseyir.com\/wp\/wp-json\/wp\/v2\/posts\/27480","targetHints":{"allow":["GET"]}}],"collection":[{"href":"https:\/\/blogseyir.com\/wp\/wp-json\/wp\/v2\/posts"}],"about":[{"href":"https:\/\/blogseyir.com\/wp\/wp-json\/wp\/v2\/types\/post"}],"author":[{"embeddable":true,"href":"https:\/\/blogseyir.com\/wp\/wp-json\/wp\/v2\/users\/1"}],"replies":[{"embeddable":true,"href":"https:\/\/blogseyir.com\/wp\/wp-json\/wp\/v2\/comments?post=27480"}],"version-history":[{"count":1,"href":"https:\/\/blogseyir.com\/wp\/wp-json\/wp\/v2\/posts\/27480\/revisions"}],"predecessor-version":[{"id":27481,"href":"https:\/\/blogseyir.com\/wp\/wp-json\/wp\/v2\/posts\/27480\/revisions\/27481"}],"wp:featuredmedia":[{"embeddable":true,"href":"https:\/\/blogseyir.com\/wp\/wp-json\/wp\/v2\/media\/27482"}],"wp:attachment":[{"href":"https:\/\/blogseyir.com\/wp\/wp-json\/wp\/v2\/media?parent=27480"}],"wp:term":[{"taxonomy":"category","embeddable":true,"href":"https:\/\/blogseyir.com\/wp\/wp-json\/wp\/v2\/categories?post=27480"},{"taxonomy":"post_tag","embeddable":true,"href":"https:\/\/blogseyir.com\/wp\/wp-json\/wp\/v2\/tags?post=27480"}],"curies":[{"name":"wp","href":"https:\/\/api.w.org\/{rel}","templated":true}]}}