{"id":27301,"date":"2025-07-24T18:43:01","date_gmt":"2025-07-24T18:43:01","guid":{"rendered":"https:\/\/blogseyir.com\/wp\/?p=27301"},"modified":"2025-07-24T18:43:02","modified_gmt":"2025-07-24T18:43:02","slug":"digjen-kater-shtepi-me-kakavije-4-banore-evakuohen-ja-si-paraqitet-situata","status":"publish","type":"post","link":"https:\/\/blogseyir.com\/wp\/digjen-kater-shtepi-me-kakavije-4-banore-evakuohen-ja-si-paraqitet-situata\/","title":{"rendered":"Digjen kat\u00ebr sht\u00ebpi m\u00eb Kakavij\u00eb, 4 banor\u00eb evakuohen! Ja si paraqitet situata"},"content":{"rendered":"<p>Kreu i Bashkis\u00eb Dropull, Dhimit\u00ebr Toli, ka reaguar n\u00eb lidhje me situat\u00ebn e zjarrit n\u00eb Kakavij\u00eb. Toli ka b\u00ebr\u00eb me dije se jan\u00eb djegur kat\u00ebr sht\u00ebpi si dhe jan\u00eb shp\u00ebtuar kat\u00ebr banor\u00eb nga zjarri. Sakaq, p\u00ebr shuarjen e flak\u00ebve ka nd\u00ebrhyr\u00eb nga ajri edhe pala greke.<\/p>\n<p>\u201c\u00cbsht\u00eb situat\u00eb emergjente n\u00eb Kakavij\u00eb. Jan\u00eb djegur 3-4 sht\u00ebpi t\u00eb fshatit. Ende nuk dihen motivet p\u00ebr zjarrin, policia po heton. Zjarri \u00ebsht\u00eb n\u00eb shum\u00eb zona t\u00eb banuara t\u00eb fshatit. Situata n\u00eb k\u00ebto momente \u00ebsht\u00eb n\u00ebn kontroll.<\/p>\n<p>Kan\u00eb ardhur zjarrfik\u00ebse nga Gjirokastra dhe nga ajri ka ardhur ndihm\u00eb nga Greqia, pasi zjarri ka kaluar edhe n\u00eb an\u00ebn greke.<\/p>\n<p>Sht\u00ebpit\u00eb kan\u00eb qen\u00eb t\u00eb banuara, nxor\u00ebm 4 persona nga sht\u00ebpit\u00eb. Zjarri ka ardhur posht\u00eb Kish\u00ebs s\u00eb fshatit, ende nuk dihen shkaqet.<\/p>\n<p>Situata n\u00eb k\u00ebto momente duhet t\u00eb kemi kujdes, sepse zona \u00ebsht\u00eb plot me pisha. Koha \u00ebsht\u00eb shum\u00eb e pap\u00ebrshtatshme p\u00ebr k\u00ebto situata.\u201d-tha Toli.<\/p>\n<p>Zjarri n\u00eb dogan\u00ebn e Kakavij\u00ebs ka b\u00ebr\u00eb q\u00eb pala greke t\u00eb pezulloj\u00eb pun\u00ebn pasi tymi ka nxitur polic\u00ebt q\u00eb t\u00eb largohen. Procesi i kalim-p\u00ebrpunimit t\u00eb pasaportave \u00ebsht\u00eb nd\u00ebrprer\u00eb duke shkaktuar k\u00ebshtu radh\u00eb kilometrike t\u00eb automjeteve si n\u00eb hyrje dhe n\u00eb dalje t\u00eb territorit grek.<\/p>\n<p>Forcat zjarrfik\u00ebse greke jan\u00eb angazhuar p\u00ebr t\u00eb b\u00ebr\u00eb t\u00eb mundur neutralizimin e flak\u00ebve. Raportohet se do t\u00eb nd\u00ebrhyj\u00eb edhe nj\u00eb helikopter p\u00ebr t\u00eb shuar zjarrin.<\/p>\n<p>Gjithashtu sot nj\u00eb zjarr ka r\u00ebn\u00eb n\u00eb ambientet rrethuese t\u00eb nj\u00eb kishe n\u00eb Kakavij\u00eb. Flak\u00ebt jan\u00eb p\u00ebrhapur me shpejt\u00ebsi nga era e fort\u00eb.<\/p>\n<div id=\"blogs-2765245646\" class=\"blogs-adsense-after-kontent blogs-entity-placement\"><script async src=\"https:\/\/pagead2.googlesyndication.com\/pagead\/js\/adsbygoogle.js\"\r\n     crossorigin=\"anonymous\"><\/script>\r\n<!-- Tiranaread -->\r\n<ins class=\"adsbygoogle\"\r\n     style=\"display:inline-block;width:728px;height:90px\"\r\n     data-ad-client=\"ca-pub-2355142065052501\"\r\n\t data-page-url=\"https:\/\/blogseyir.com\"\r\n     data-ad-slot=\"7464751963\"><\/ins>\r\n<script>\r\n     (adsbygoogle = window.adsbygoogle || []).push({});\r\n<\/script><\/div>","protected":false},"excerpt":{"rendered":"<p>Kreu i Bashkis\u00eb Dropull, Dhimit\u00ebr Toli, ka reaguar n\u00eb lidhje me situat\u00ebn e zjarrit n\u00eb Kakavij\u00eb. Toli ka b\u00ebr\u00eb me dije se jan\u00eb djegur kat\u00ebr sht\u00ebpi si dhe jan\u00eb shp\u00ebtuar kat\u00ebr banor\u00eb nga zjarri. Sakaq, p\u00ebr shuarjen e flak\u00ebve ka nd\u00ebrhyr\u00eb nga ajri edhe pala greke. \u201c\u00cbsht\u00eb situat\u00eb emergjente n\u00eb Kakavij\u00eb. Jan\u00eb djegur 3-4 sht\u00ebpi [&hellip;]<\/p>\n","protected":false},"author":1,"featured_media":27303,"comment_status":"open","ping_status":"closed","sticky":false,"template":"","format":"standard","meta":{"footnotes":""},"categories":[32],"tags":[1408,1406,1407],"class_list":["post-27301","post","type-post","status-publish","format-standard","has-post-thumbnail","hentry","category-te-fundit","tag-dhimiter-toli","tag-kakavije","tag-zjarre"],"_links":{"self":[{"href":"https:\/\/blogseyir.com\/wp\/wp-json\/wp\/v2\/posts\/27301","targetHints":{"allow":["GET"]}}],"collection":[{"href":"https:\/\/blogseyir.com\/wp\/wp-json\/wp\/v2\/posts"}],"about":[{"href":"https:\/\/blogseyir.com\/wp\/wp-json\/wp\/v2\/types\/post"}],"author":[{"embeddable":true,"href":"https:\/\/blogseyir.com\/wp\/wp-json\/wp\/v2\/users\/1"}],"replies":[{"embeddable":true,"href":"https:\/\/blogseyir.com\/wp\/wp-json\/wp\/v2\/comments?post=27301"}],"version-history":[{"count":1,"href":"https:\/\/blogseyir.com\/wp\/wp-json\/wp\/v2\/posts\/27301\/revisions"}],"predecessor-version":[{"id":27302,"href":"https:\/\/blogseyir.com\/wp\/wp-json\/wp\/v2\/posts\/27301\/revisions\/27302"}],"wp:featuredmedia":[{"embeddable":true,"href":"https:\/\/blogseyir.com\/wp\/wp-json\/wp\/v2\/media\/27303"}],"wp:attachment":[{"href":"https:\/\/blogseyir.com\/wp\/wp-json\/wp\/v2\/media?parent=27301"}],"wp:term":[{"taxonomy":"category","embeddable":true,"href":"https:\/\/blogseyir.com\/wp\/wp-json\/wp\/v2\/categories?post=27301"},{"taxonomy":"post_tag","embeddable":true,"href":"https:\/\/blogseyir.com\/wp\/wp-json\/wp\/v2\/tags?post=27301"}],"curies":[{"name":"wp","href":"https:\/\/api.w.org\/{rel}","templated":true}]}}