{"id":27298,"date":"2025-07-24T18:08:56","date_gmt":"2025-07-24T18:08:56","guid":{"rendered":"https:\/\/blogseyir.com\/wp\/?p=27298"},"modified":"2025-07-24T18:08:57","modified_gmt":"2025-07-24T18:08:57","slug":"u-msakrua-ne-pjeset-itime-e-bija-vru-te-atin-gazetarja-zbulon-detaje-trnditese-nga-tragjedia","status":"publish","type":"post","link":"https:\/\/blogseyir.com\/wp\/u-msakrua-ne-pjeset-itime-e-bija-vru-te-atin-gazetarja-zbulon-detaje-trnditese-nga-tragjedia\/","title":{"rendered":"&#8216;U m*sakrua n\u00eb pjes\u00ebt i*time&#8230;&#8217; E bija vr*u t\u00eb atin, gazetarja zbulon detaje tr*ndit\u00ebse nga tragjedia!"},"content":{"rendered":"<p>Gazetarja nga Fieri, Laureta Roshi tregoi detaje nga ngjarja e r\u00ebnd\u00eb e ndodhur n\u00eb fshatin Frash\u00ebr t\u00eb Patosit ku vajza 26-vje\u00e7are mbyti me tel baban\u00eb e saj 56-vje\u00e7ar n\u00eb bashk\u00ebpunim me t\u00eb \u00ebm\u00ebn dhe u mundua t\u00eb fshihte krimin.<\/p>\n<p>Ajo tha se ngjarja ishte raportuar nj\u00eb dit\u00eb m\u00eb par\u00eb n\u00eb polici nga Emanilda Rama 26 vje\u00e7e, e cila u kishte th\u00ebn\u00eb bluve se babai i saj, shtetasi Anesti Rama, 56 vje\u00e7, kishte nd\u00ebrruar jet\u00eb aksidentalisht n\u00eb banes\u00ebn e tyre.<\/p>\n<p>Por nga k\u00ebqyrja e kufom\u00ebs u konstatuar se trupi i pajet\u00eb ishte lar\u00eb e pastruar me q\u00ebllim p\u00ebr t\u00eb fshehur gjurm\u00ebt dhe kishte shenja t\u00eb dhun\u00ebs n\u00eb pjes\u00ebn e fytit. Roshi tregoi disa detaje makabre lidhur me kufom\u00ebn t\u00eb siguruara nga morgu dhe d\u00ebshmit\u00eb e fqinj\u00ebve.<\/p>\n<p>\u201cElement\u00eb q\u00eb dalin nga morgu dhe nj\u00eb fqinj i viktim\u00ebs tregojn\u00eb se kufma \u00ebsht\u00eb masakruar n\u00eb pjes\u00ebt intime dhe kjo \u00ebsht\u00eb nj\u00eb makabritet q\u00eb tregon inat t\u00eb akumuluar. Fqinj\u00ebt kan\u00eb treguar se jetonin t\u00eb tre, babai, n\u00ebna dhe vajza dhe asnj\u00eb nuk kishte probleme t\u00eb sh\u00ebndetit mendor\u201d, tha gazetarja n\u00eb emisionin People n\u00eb Euronews Albania.<\/p>\n<div id=\"blogs-4241509603\" class=\"blogs-after-content blogs-entity-placement\"><div id=\"div-gpt-ad-1770230601260-0\" style=\"width:300px; height:600px;\"><\/div><\/div><div id=\"blogs-93265760\" class=\"blogs-adsense-after-kontent blogs-entity-placement\"><script async src=\"https:\/\/pagead2.googlesyndication.com\/pagead\/js\/adsbygoogle.js\"\r\n     crossorigin=\"anonymous\"><\/script>\r\n<!-- Tiranaread -->\r\n<ins class=\"adsbygoogle\"\r\n     style=\"display:inline-block;width:728px;height:90px\"\r\n     data-ad-client=\"ca-pub-2355142065052501\"\r\n\t data-page-url=\"https:\/\/blogseyir.com\"\r\n     data-ad-slot=\"7464751963\"><\/ins>\r\n<script>\r\n     (adsbygoogle = window.adsbygoogle || []).push({});\r\n<\/script><\/div>","protected":false},"excerpt":{"rendered":"<p>Gazetarja nga Fieri, Laureta Roshi tregoi detaje nga ngjarja e r\u00ebnd\u00eb e ndodhur n\u00eb fshatin Frash\u00ebr t\u00eb Patosit ku vajza 26-vje\u00e7are mbyti me tel baban\u00eb e saj 56-vje\u00e7ar n\u00eb bashk\u00ebpunim me t\u00eb \u00ebm\u00ebn dhe u mundua t\u00eb fshihte krimin. Ajo tha se ngjarja ishte raportuar nj\u00eb dit\u00eb m\u00eb par\u00eb n\u00eb polici nga Emanilda Rama 26 [&hellip;]<\/p>\n","protected":false},"author":1,"featured_media":27300,"comment_status":"open","ping_status":"closed","sticky":false,"template":"","format":"standard","meta":{"footnotes":""},"categories":[32],"tags":[1402,1405,511,1404,40,56],"class_list":["post-27298","post","type-post","status-publish","format-standard","has-post-thumbnail","hentry","category-te-fundit","tag-anest-rama","tag-emanilda-rama","tag-fier","tag-laureta-roshi","tag-te-fundit","tag-vrasje"],"_links":{"self":[{"href":"https:\/\/blogseyir.com\/wp\/wp-json\/wp\/v2\/posts\/27298","targetHints":{"allow":["GET"]}}],"collection":[{"href":"https:\/\/blogseyir.com\/wp\/wp-json\/wp\/v2\/posts"}],"about":[{"href":"https:\/\/blogseyir.com\/wp\/wp-json\/wp\/v2\/types\/post"}],"author":[{"embeddable":true,"href":"https:\/\/blogseyir.com\/wp\/wp-json\/wp\/v2\/users\/1"}],"replies":[{"embeddable":true,"href":"https:\/\/blogseyir.com\/wp\/wp-json\/wp\/v2\/comments?post=27298"}],"version-history":[{"count":1,"href":"https:\/\/blogseyir.com\/wp\/wp-json\/wp\/v2\/posts\/27298\/revisions"}],"predecessor-version":[{"id":27299,"href":"https:\/\/blogseyir.com\/wp\/wp-json\/wp\/v2\/posts\/27298\/revisions\/27299"}],"wp:featuredmedia":[{"embeddable":true,"href":"https:\/\/blogseyir.com\/wp\/wp-json\/wp\/v2\/media\/27300"}],"wp:attachment":[{"href":"https:\/\/blogseyir.com\/wp\/wp-json\/wp\/v2\/media?parent=27298"}],"wp:term":[{"taxonomy":"category","embeddable":true,"href":"https:\/\/blogseyir.com\/wp\/wp-json\/wp\/v2\/categories?post=27298"},{"taxonomy":"post_tag","embeddable":true,"href":"https:\/\/blogseyir.com\/wp\/wp-json\/wp\/v2\/tags?post=27298"}],"curies":[{"name":"wp","href":"https:\/\/api.w.org\/{rel}","templated":true}]}}