{"id":27199,"date":"2025-07-23T12:25:56","date_gmt":"2025-07-23T12:25:56","guid":{"rendered":"https:\/\/blogseyir.com\/wp\/?p=27199"},"modified":"2025-07-23T12:25:57","modified_gmt":"2025-07-23T12:25:57","slug":"tre-femije-mbeten-jetim-ky-eshte-bledari-i-gjore-qe-u-nis-per-te-fikur-flaket-e-gjeti-vdekjen","status":"publish","type":"post","link":"https:\/\/blogseyir.com\/wp\/tre-femije-mbeten-jetim-ky-eshte-bledari-i-gjore-qe-u-nis-per-te-fikur-flaket-e-gjeti-vdekjen\/","title":{"rendered":"Tre f\u00ebmij\u00eb mbeten jetim! Ky \u00ebsht\u00eb Bledari i gjor\u00eb, q\u00eb u nis p\u00ebr t\u00eb fikur flak\u00ebt e gjeti vdekjen!"},"content":{"rendered":"<p>Bledar Spahiu \u00ebsht\u00eb 43-vje\u00e7ari i cili nd\u00ebrroi jet\u00eb teksa po shkonte drejt Parkut Komb\u00ebtar t\u00eb Lur\u00ebs, aty ku flak\u00ebt po vijojn\u00eb prej dit\u00ebsh.<\/p>\n<p>Ai ishte nisur p\u00ebr t\u00eb ndihmuar n\u00eb shuarjen e flak\u00ebve, por fatkeq\u00ebsisht nd\u00ebrroi jet\u00eb si pasoj\u00eb e nj\u00eb aksidenti.<\/p>\n<p>Dyshohet se ai humbi kontrollin e mjetit paraditen e s\u00eb mart\u00ebs, \u00e7ka rezultoi fatale p\u00ebr babain e tre f\u00ebmij\u00ebve.<\/p><div id=\"blogs-264537544\" class=\"blogs-stick blogs-entity-placement\"><div id=\"div-gpt-ad-1770230783865-0\" style=\"min-width:300px; min-height:50px;\"><\/div><\/div>\n<p>Fillimisht 43-vje\u00e7ari u d\u00ebrgua n\u00eb Spitalin e Dibr\u00ebs, por p\u00ebr gjak t\u00eb gjendjes s\u00eb r\u00ebnduar u transportua me urgjenc\u00eb n\u00eb Spitalin e Traum\u00ebs n\u00eb kryeqytet, e m\u00eb pas nd\u00ebrroi jet\u00eb.<\/p>\n<p>Bledar Spahiu kishte nj\u00eb eksperienc\u00eb prej 19 vitesh n\u00eb Administrat\u00ebn e Zonave t\u00eb Mbrojtura n\u00eb Dib\u00ebr.<\/p>\n<div id=\"blogs-2791587606\" class=\"blogs-adsense-after-kontent blogs-entity-placement\"><script async src=\"https:\/\/pagead2.googlesyndication.com\/pagead\/js\/adsbygoogle.js\"\r\n     crossorigin=\"anonymous\"><\/script>\r\n<!-- Tiranaread -->\r\n<ins class=\"adsbygoogle\"\r\n     style=\"display:inline-block;width:728px;height:90px\"\r\n     data-ad-client=\"ca-pub-2355142065052501\"\r\n\t data-page-url=\"https:\/\/blogseyir.com\"\r\n     data-ad-slot=\"7464751963\"><\/ins>\r\n<script>\r\n     (adsbygoogle = window.adsbygoogle || []).push({});\r\n<\/script><\/div>","protected":false},"excerpt":{"rendered":"<p>Bledar Spahiu \u00ebsht\u00eb 43-vje\u00e7ari i cili nd\u00ebrroi jet\u00eb teksa po shkonte drejt Parkut Komb\u00ebtar t\u00eb Lur\u00ebs, aty ku flak\u00ebt po vijojn\u00eb prej dit\u00ebsh. Ai ishte nisur p\u00ebr t\u00eb ndihmuar n\u00eb shuarjen e flak\u00ebve, por fatkeq\u00ebsisht nd\u00ebrroi jet\u00eb si pasoj\u00eb e nj\u00eb aksidenti. Dyshohet se ai humbi kontrollin e mjetit paraditen e s\u00eb mart\u00ebs, \u00e7ka rezultoi [&hellip;]<\/p>\n","protected":false},"author":1,"featured_media":27201,"comment_status":"open","ping_status":"closed","sticky":false,"template":"","format":"standard","meta":{"footnotes":""},"categories":[32],"tags":[1393,41],"class_list":["post-27199","post","type-post","status-publish","format-standard","has-post-thumbnail","hentry","category-te-fundit","tag-bledar-spahiu","tag-vdekje"],"_links":{"self":[{"href":"https:\/\/blogseyir.com\/wp\/wp-json\/wp\/v2\/posts\/27199","targetHints":{"allow":["GET"]}}],"collection":[{"href":"https:\/\/blogseyir.com\/wp\/wp-json\/wp\/v2\/posts"}],"about":[{"href":"https:\/\/blogseyir.com\/wp\/wp-json\/wp\/v2\/types\/post"}],"author":[{"embeddable":true,"href":"https:\/\/blogseyir.com\/wp\/wp-json\/wp\/v2\/users\/1"}],"replies":[{"embeddable":true,"href":"https:\/\/blogseyir.com\/wp\/wp-json\/wp\/v2\/comments?post=27199"}],"version-history":[{"count":1,"href":"https:\/\/blogseyir.com\/wp\/wp-json\/wp\/v2\/posts\/27199\/revisions"}],"predecessor-version":[{"id":27200,"href":"https:\/\/blogseyir.com\/wp\/wp-json\/wp\/v2\/posts\/27199\/revisions\/27200"}],"wp:featuredmedia":[{"embeddable":true,"href":"https:\/\/blogseyir.com\/wp\/wp-json\/wp\/v2\/media\/27201"}],"wp:attachment":[{"href":"https:\/\/blogseyir.com\/wp\/wp-json\/wp\/v2\/media?parent=27199"}],"wp:term":[{"taxonomy":"category","embeddable":true,"href":"https:\/\/blogseyir.com\/wp\/wp-json\/wp\/v2\/categories?post=27199"},{"taxonomy":"post_tag","embeddable":true,"href":"https:\/\/blogseyir.com\/wp\/wp-json\/wp\/v2\/tags?post=27199"}],"curies":[{"name":"wp","href":"https:\/\/api.w.org\/{rel}","templated":true}]}}