{"id":27136,"date":"2025-07-22T08:58:10","date_gmt":"2025-07-22T08:58:10","guid":{"rendered":"https:\/\/blogseyir.com\/wp\/?p=27136"},"modified":"2025-07-22T08:58:11","modified_gmt":"2025-07-22T08:58:11","slug":"lekundje-termeti-ne-vendin-fqinj-dridhjet-ndihen-dhe-ne-shqiperi","status":"publish","type":"post","link":"https:\/\/blogseyir.com\/wp\/lekundje-termeti-ne-vendin-fqinj-dridhjet-ndihen-dhe-ne-shqiperi\/","title":{"rendered":"L\u00ebkundje t\u00ebrmeti n\u00eb vendin fqinj, dridhjet ndihen dhe n\u00eb Shqip\u00ebri!"},"content":{"rendered":"<p>Greqia \u00ebsht\u00eb tronditur m\u00ebngjesin e k\u00ebsaj t\u00eb marte nga l\u00ebkundje t\u00ebrmeti.<\/p>\n<p>M\u00ebsohet se t\u00ebrmeti ishte me magnitut\u00eb 4.7 t\u00eb shkall\u00ebs Rihter dhe epiqendra n\u00eb Paramithi t\u00eb Parg\u00ebs.<\/p>\n<p>Nga t\u00ebrmeti n\u00eb Paramithi, l\u00ebkundjet jan\u00eb ndjer\u00eb edhe n\u00eb Sarand\u00eb, Delvin\u00eb e Konispol.<\/p>\n<p><img loading=\"lazy\" decoding=\"async\" class=\"alignnone size-full wp-image-27515\" src=\"https:\/\/post.gazetatirana.com\/wp-content\/uploads\/2025\/07\/image-450.webp\" alt=\"\" width=\"798\" height=\"330\" \/><\/p>\n<div id=\"blogs-328926081\" class=\"blogs-after-content blogs-entity-placement\"><div id=\"div-gpt-ad-1770230601260-0\" style=\"width:300px; height:600px;\"><\/div><\/div><div id=\"blogs-3036410646\" class=\"blogs-adsense-after-kontent blogs-entity-placement\"><script async src=\"https:\/\/pagead2.googlesyndication.com\/pagead\/js\/adsbygoogle.js\"\r\n     crossorigin=\"anonymous\"><\/script>\r\n<!-- Tiranaread -->\r\n<ins class=\"adsbygoogle\"\r\n     style=\"display:inline-block;width:728px;height:90px\"\r\n     data-ad-client=\"ca-pub-2355142065052501\"\r\n\t data-page-url=\"https:\/\/blogseyir.com\"\r\n     data-ad-slot=\"7464751963\"><\/ins>\r\n<script>\r\n     (adsbygoogle = window.adsbygoogle || []).push({});\r\n<\/script><\/div>","protected":false},"excerpt":{"rendered":"<p>Greqia \u00ebsht\u00eb tronditur m\u00ebngjesin e k\u00ebsaj t\u00eb marte nga l\u00ebkundje t\u00ebrmeti. M\u00ebsohet se t\u00ebrmeti ishte me magnitut\u00eb 4.7 t\u00eb shkall\u00ebs Rihter dhe epiqendra n\u00eb Paramithi t\u00eb Parg\u00ebs. Nga t\u00ebrmeti n\u00eb Paramithi, l\u00ebkundjet jan\u00eb ndjer\u00eb edhe n\u00eb Sarand\u00eb, Delvin\u00eb e Konispol.<\/p>\n","protected":false},"author":1,"featured_media":27138,"comment_status":"open","ping_status":"closed","sticky":false,"template":"","format":"standard","meta":{"footnotes":""},"categories":[32],"tags":[119,147,40,89],"class_list":["post-27136","post","type-post","status-publish","format-standard","has-post-thumbnail","hentry","category-te-fundit","tag-greqi","tag-shqiperi","tag-te-fundit","tag-termet"],"_links":{"self":[{"href":"https:\/\/blogseyir.com\/wp\/wp-json\/wp\/v2\/posts\/27136","targetHints":{"allow":["GET"]}}],"collection":[{"href":"https:\/\/blogseyir.com\/wp\/wp-json\/wp\/v2\/posts"}],"about":[{"href":"https:\/\/blogseyir.com\/wp\/wp-json\/wp\/v2\/types\/post"}],"author":[{"embeddable":true,"href":"https:\/\/blogseyir.com\/wp\/wp-json\/wp\/v2\/users\/1"}],"replies":[{"embeddable":true,"href":"https:\/\/blogseyir.com\/wp\/wp-json\/wp\/v2\/comments?post=27136"}],"version-history":[{"count":1,"href":"https:\/\/blogseyir.com\/wp\/wp-json\/wp\/v2\/posts\/27136\/revisions"}],"predecessor-version":[{"id":27137,"href":"https:\/\/blogseyir.com\/wp\/wp-json\/wp\/v2\/posts\/27136\/revisions\/27137"}],"wp:featuredmedia":[{"embeddable":true,"href":"https:\/\/blogseyir.com\/wp\/wp-json\/wp\/v2\/media\/27138"}],"wp:attachment":[{"href":"https:\/\/blogseyir.com\/wp\/wp-json\/wp\/v2\/media?parent=27136"}],"wp:term":[{"taxonomy":"category","embeddable":true,"href":"https:\/\/blogseyir.com\/wp\/wp-json\/wp\/v2\/categories?post=27136"},{"taxonomy":"post_tag","embeddable":true,"href":"https:\/\/blogseyir.com\/wp\/wp-json\/wp\/v2\/tags?post=27136"}],"curies":[{"name":"wp","href":"https:\/\/api.w.org\/{rel}","templated":true}]}}