{"id":26895,"date":"2025-07-18T13:18:48","date_gmt":"2025-07-18T13:18:48","guid":{"rendered":"https:\/\/blogseyir.com\/wp\/?p=26895"},"modified":"2025-07-18T13:32:51","modified_gmt":"2025-07-18T13:32:51","slug":"sa-gjynah-gjendet-pa-shenja-jete-nje-person-ne-vend-dyshohet-te-jete-roje-ne","status":"publish","type":"post","link":"https:\/\/blogseyir.com\/wp\/sa-gjynah-gjendet-pa-shenja-jete-nje-person-ne-vend-dyshohet-te-jete-roje-ne\/","title":{"rendered":"Sa gjynah! Gjendet pa shenja jete nj\u00eb person n\u00eb vend, dyshohet t\u00eb jet\u00eb roje n\u00eb&#8230;"},"content":{"rendered":"<p>Nj\u00eb 64-vje\u00e7ar \u00ebsht\u00eb gjetur dit\u00ebn e sotme pa shenja jete n\u00eb Portin e Sarand\u00ebs. Shtetasi \u00ebsht\u00eb identifikuar e inicialet I. R., dhe ishte i pun\u00ebsuar si roje\u00a0n\u00eb port.<\/p>\n<p>Sipas raportimeve zyrtare paraprake, 64-vje\u00e7ari dyshohet se ka nd\u00ebrruar jet\u00eb nga shkaqe natyrale. Sakaq, hetimet po vijojn\u00eb p\u00ebr zbardhjen e plot\u00eb t\u00eb rrethanave t\u00eb rastit.<\/p>\n<p>&#8220;Sot, n\u00eb Portin e Sarand\u00ebs, \u00ebsht\u00eb gjetur pa shenja jete shtetasi I. R., 64 vje\u00e7, i pun\u00ebsuar si roje. Nga veprimet paraprake dyshohet se 64-vje\u00e7ari ka nd\u00ebrruar jet\u00eb p\u00ebr shkaqe natyrale. Vijon puna p\u00ebr dokumentimin e plot\u00eb t\u00eb k\u00ebtij rasti&#8221;, njofton policia.<\/p>\n<div id=\"blogs-2989564964\" class=\"blogs-after-content blogs-entity-placement\"><div id=\"div-gpt-ad-1770230601260-0\" style=\"width:300px; height:600px;\"><\/div><\/div><div id=\"blogs-36500608\" class=\"blogs-adsense-after-kontent blogs-entity-placement\"><script async src=\"https:\/\/pagead2.googlesyndication.com\/pagead\/js\/adsbygoogle.js\"\r\n     crossorigin=\"anonymous\"><\/script>\r\n<!-- Tiranaread -->\r\n<ins class=\"adsbygoogle\"\r\n     style=\"display:inline-block;width:728px;height:90px\"\r\n     data-ad-client=\"ca-pub-2355142065052501\"\r\n\t data-page-url=\"https:\/\/blogseyir.com\"\r\n     data-ad-slot=\"7464751963\"><\/ins>\r\n<script>\r\n     (adsbygoogle = window.adsbygoogle || []).push({});\r\n<\/script><\/div>","protected":false},"excerpt":{"rendered":"<p>Nj\u00eb 64-vje\u00e7ar \u00ebsht\u00eb gjetur dit\u00ebn e sotme pa shenja jete n\u00eb Portin e Sarand\u00ebs. Shtetasi \u00ebsht\u00eb identifikuar e inicialet I. R., dhe ishte i pun\u00ebsuar si roje\u00a0n\u00eb port. Sipas raportimeve zyrtare paraprake, 64-vje\u00e7ari dyshohet se ka nd\u00ebrruar jet\u00eb nga shkaqe natyrale. Sakaq, hetimet po vijojn\u00eb p\u00ebr zbardhjen e plot\u00eb t\u00eb rrethanave t\u00eb rastit. &#8220;Sot, n\u00eb [&hellip;]<\/p>\n","protected":false},"author":1,"featured_media":26897,"comment_status":"open","ping_status":"closed","sticky":false,"template":"","format":"standard","meta":{"footnotes":""},"categories":[32],"tags":[55,253,40],"class_list":["post-26895","post","type-post","status-publish","format-standard","has-post-thumbnail","hentry","category-te-fundit","tag-ngjarje","tag-sarande","tag-te-fundit"],"_links":{"self":[{"href":"https:\/\/blogseyir.com\/wp\/wp-json\/wp\/v2\/posts\/26895","targetHints":{"allow":["GET"]}}],"collection":[{"href":"https:\/\/blogseyir.com\/wp\/wp-json\/wp\/v2\/posts"}],"about":[{"href":"https:\/\/blogseyir.com\/wp\/wp-json\/wp\/v2\/types\/post"}],"author":[{"embeddable":true,"href":"https:\/\/blogseyir.com\/wp\/wp-json\/wp\/v2\/users\/1"}],"replies":[{"embeddable":true,"href":"https:\/\/blogseyir.com\/wp\/wp-json\/wp\/v2\/comments?post=26895"}],"version-history":[{"count":1,"href":"https:\/\/blogseyir.com\/wp\/wp-json\/wp\/v2\/posts\/26895\/revisions"}],"predecessor-version":[{"id":26896,"href":"https:\/\/blogseyir.com\/wp\/wp-json\/wp\/v2\/posts\/26895\/revisions\/26896"}],"wp:featuredmedia":[{"embeddable":true,"href":"https:\/\/blogseyir.com\/wp\/wp-json\/wp\/v2\/media\/26897"}],"wp:attachment":[{"href":"https:\/\/blogseyir.com\/wp\/wp-json\/wp\/v2\/media?parent=26895"}],"wp:term":[{"taxonomy":"category","embeddable":true,"href":"https:\/\/blogseyir.com\/wp\/wp-json\/wp\/v2\/categories?post=26895"},{"taxonomy":"post_tag","embeddable":true,"href":"https:\/\/blogseyir.com\/wp\/wp-json\/wp\/v2\/tags?post=26895"}],"curies":[{"name":"wp","href":"https:\/\/api.w.org\/{rel}","templated":true}]}}