{"id":26813,"date":"2025-07-17T16:32:00","date_gmt":"2025-07-17T16:32:00","guid":{"rendered":"https:\/\/blogseyir.com\/wp\/?p=26813"},"modified":"2025-07-17T16:32:01","modified_gmt":"2025-07-17T16:32:01","slug":"aksident-i-rende-ne-vend-perpiasen-2-makina-5-persona-piagosen","status":"publish","type":"post","link":"https:\/\/blogseyir.com\/wp\/aksident-i-rende-ne-vend-perpiasen-2-makina-5-persona-piagosen\/","title":{"rendered":"Aksident i r\u00ebnd\u00eb n\u00eb vend, p\u00ebrpIasen 2 makina, 5 persona pIagosen!"},"content":{"rendered":"<p>Nj\u00eb aksident me pasoj\u00eb plagosjen e pes\u00eb personave ka ndodhur pasditen e k\u00ebsaj t\u00eb enjteje n\u00eb aksin rrugor Prrenjas-Librazhd.<\/p>\n<p>Sipas raportimeve, n\u00eb aksident jan\u00eb p\u00ebrfshir\u00eb dy automjete nd\u00ebrsa policia ndodhet n\u00eb vendin e ngjarjes.<\/p>\n<p>T\u00eb plagosurit jan\u00eb d\u00ebrguar n\u00eb spital p\u00ebr t\u00eb marr\u00eb ndihm\u00eb mjek\u00ebsore nd\u00ebrsa gjendja e tyre ende nuk dihet.<\/p>\n<p>Policia dhe grupi hetimor ndodhen n\u00eb vendngjarje p\u00ebr t\u00eb zbardhur shkaqet dhe rrethanat e aksidentit.<\/p>\n<div id=\"blogs-3057506805\" class=\"blogs-adsense-after-kontent blogs-entity-placement\"><script async src=\"https:\/\/pagead2.googlesyndication.com\/pagead\/js\/adsbygoogle.js\"\r\n     crossorigin=\"anonymous\"><\/script>\r\n<!-- Tiranaread -->\r\n<ins class=\"adsbygoogle\"\r\n     style=\"display:inline-block;width:728px;height:90px\"\r\n     data-ad-client=\"ca-pub-2355142065052501\"\r\n\t data-page-url=\"https:\/\/blogseyir.com\"\r\n     data-ad-slot=\"7464751963\"><\/ins>\r\n<script>\r\n     (adsbygoogle = window.adsbygoogle || []).push({});\r\n<\/script><\/div>","protected":false},"excerpt":{"rendered":"<p>Nj\u00eb aksident me pasoj\u00eb plagosjen e pes\u00eb personave ka ndodhur pasditen e k\u00ebsaj t\u00eb enjteje n\u00eb aksin rrugor Prrenjas-Librazhd. Sipas raportimeve, n\u00eb aksident jan\u00eb p\u00ebrfshir\u00eb dy automjete nd\u00ebrsa policia ndodhet n\u00eb vendin e ngjarjes. T\u00eb plagosurit jan\u00eb d\u00ebrguar n\u00eb spital p\u00ebr t\u00eb marr\u00eb ndihm\u00eb mjek\u00ebsore nd\u00ebrsa gjendja e tyre ende nuk dihet. Policia dhe grupi [&hellip;]<\/p>\n","protected":false},"author":1,"featured_media":26815,"comment_status":"open","ping_status":"closed","sticky":false,"template":"","format":"standard","meta":{"footnotes":""},"categories":[32],"tags":[183,1325,40],"class_list":["post-26813","post","type-post","status-publish","format-standard","has-post-thumbnail","hentry","category-te-fundit","tag-aksident","tag-librazhd","tag-te-fundit"],"_links":{"self":[{"href":"https:\/\/blogseyir.com\/wp\/wp-json\/wp\/v2\/posts\/26813","targetHints":{"allow":["GET"]}}],"collection":[{"href":"https:\/\/blogseyir.com\/wp\/wp-json\/wp\/v2\/posts"}],"about":[{"href":"https:\/\/blogseyir.com\/wp\/wp-json\/wp\/v2\/types\/post"}],"author":[{"embeddable":true,"href":"https:\/\/blogseyir.com\/wp\/wp-json\/wp\/v2\/users\/1"}],"replies":[{"embeddable":true,"href":"https:\/\/blogseyir.com\/wp\/wp-json\/wp\/v2\/comments?post=26813"}],"version-history":[{"count":1,"href":"https:\/\/blogseyir.com\/wp\/wp-json\/wp\/v2\/posts\/26813\/revisions"}],"predecessor-version":[{"id":26814,"href":"https:\/\/blogseyir.com\/wp\/wp-json\/wp\/v2\/posts\/26813\/revisions\/26814"}],"wp:featuredmedia":[{"embeddable":true,"href":"https:\/\/blogseyir.com\/wp\/wp-json\/wp\/v2\/media\/26815"}],"wp:attachment":[{"href":"https:\/\/blogseyir.com\/wp\/wp-json\/wp\/v2\/media?parent=26813"}],"wp:term":[{"taxonomy":"category","embeddable":true,"href":"https:\/\/blogseyir.com\/wp\/wp-json\/wp\/v2\/categories?post=26813"},{"taxonomy":"post_tag","embeddable":true,"href":"https:\/\/blogseyir.com\/wp\/wp-json\/wp\/v2\/tags?post=26813"}],"curies":[{"name":"wp","href":"https:\/\/api.w.org\/{rel}","templated":true}]}}