{"id":26725,"date":"2025-07-16T18:52:41","date_gmt":"2025-07-16T18:52:41","guid":{"rendered":"https:\/\/blogseyir.com\/wp\/?p=26725"},"modified":"2025-07-16T18:52:42","modified_gmt":"2025-07-16T18:52:42","slug":"ishte-ne-lule-te-rinise-ja-kush-eshte-29-vjecari-qe-u-gjete-i-pjete-nga-familjaret-ne-parkim","status":"publish","type":"post","link":"https:\/\/blogseyir.com\/wp\/ishte-ne-lule-te-rinise-ja-kush-eshte-29-vjecari-qe-u-gjete-i-pjete-nga-familjaret-ne-parkim\/","title":{"rendered":"Ishte n\u00eb lule t\u00eb rinis\u00eb! Ja kush \u00ebsht\u00eb 29 vjecari q\u00eb u gjet\u00eb i p*jet\u00eb nga familjaret n\u00eb parkim"},"content":{"rendered":"<p>Enea Dine \u00ebsht\u00eb emri i 29-vje\u00e7arit i cili u gjet i pajet\u00eb brenda automjetit t\u00eb tij n\u00eb parkimin e nj\u00eb pallati n\u00eb zon\u00ebn e Astirit.<\/p>\n<p>Sipas raportimeve, policia ndodhet n\u00eb vendngjarje p\u00ebr t\u00eb zbardhur shkaqet dhe rrethanat e vdekjes s\u00eb t\u00eb riut 29-vje\u00e7ar.<\/p>\n<p>Ishin familjar\u00ebt ata t\u00eb cil\u00ebt lajm\u00ebruan policin\u00eb se Enea Dine \u00ebsht\u00eb gjetur i pajet\u00eb nd\u00ebrsa nuk jan\u00eb konstatuar shenja dhune n\u00eb trupin e tij.<\/p>\n<div id=\"blogs-208766946\" class=\"blogs-after-content blogs-entity-placement\"><div id=\"div-gpt-ad-1770230601260-0\" style=\"width:300px; height:600px;\"><\/div><\/div><div id=\"blogs-4194669814\" class=\"blogs-adsense-after-kontent blogs-entity-placement\"><script async src=\"https:\/\/pagead2.googlesyndication.com\/pagead\/js\/adsbygoogle.js\"\r\n     crossorigin=\"anonymous\"><\/script>\r\n<!-- Tiranaread -->\r\n<ins class=\"adsbygoogle\"\r\n     style=\"display:inline-block;width:728px;height:90px\"\r\n     data-ad-client=\"ca-pub-2355142065052501\"\r\n\t data-page-url=\"https:\/\/blogseyir.com\"\r\n     data-ad-slot=\"7464751963\"><\/ins>\r\n<script>\r\n     (adsbygoogle = window.adsbygoogle || []).push({});\r\n<\/script><\/div>","protected":false},"excerpt":{"rendered":"<p>Enea Dine \u00ebsht\u00eb emri i 29-vje\u00e7arit i cili u gjet i pajet\u00eb brenda automjetit t\u00eb tij n\u00eb parkimin e nj\u00eb pallati n\u00eb zon\u00ebn e Astirit. Sipas raportimeve, policia ndodhet n\u00eb vendngjarje p\u00ebr t\u00eb zbardhur shkaqet dhe rrethanat e vdekjes s\u00eb t\u00eb riut 29-vje\u00e7ar. Ishin familjar\u00ebt ata t\u00eb cil\u00ebt lajm\u00ebruan policin\u00eb se Enea Dine \u00ebsht\u00eb gjetur [&hellip;]<\/p>\n","protected":false},"author":1,"featured_media":26727,"comment_status":"open","ping_status":"closed","sticky":false,"template":"","format":"standard","meta":{"footnotes":""},"categories":[32],"tags":[993,40,56],"class_list":["post-26725","post","type-post","status-publish","format-standard","has-post-thumbnail","hentry","category-te-fundit","tag-astir","tag-te-fundit","tag-vrasje"],"_links":{"self":[{"href":"https:\/\/blogseyir.com\/wp\/wp-json\/wp\/v2\/posts\/26725","targetHints":{"allow":["GET"]}}],"collection":[{"href":"https:\/\/blogseyir.com\/wp\/wp-json\/wp\/v2\/posts"}],"about":[{"href":"https:\/\/blogseyir.com\/wp\/wp-json\/wp\/v2\/types\/post"}],"author":[{"embeddable":true,"href":"https:\/\/blogseyir.com\/wp\/wp-json\/wp\/v2\/users\/1"}],"replies":[{"embeddable":true,"href":"https:\/\/blogseyir.com\/wp\/wp-json\/wp\/v2\/comments?post=26725"}],"version-history":[{"count":1,"href":"https:\/\/blogseyir.com\/wp\/wp-json\/wp\/v2\/posts\/26725\/revisions"}],"predecessor-version":[{"id":26726,"href":"https:\/\/blogseyir.com\/wp\/wp-json\/wp\/v2\/posts\/26725\/revisions\/26726"}],"wp:featuredmedia":[{"embeddable":true,"href":"https:\/\/blogseyir.com\/wp\/wp-json\/wp\/v2\/media\/26727"}],"wp:attachment":[{"href":"https:\/\/blogseyir.com\/wp\/wp-json\/wp\/v2\/media?parent=26725"}],"wp:term":[{"taxonomy":"category","embeddable":true,"href":"https:\/\/blogseyir.com\/wp\/wp-json\/wp\/v2\/categories?post=26725"},{"taxonomy":"post_tag","embeddable":true,"href":"https:\/\/blogseyir.com\/wp\/wp-json\/wp\/v2\/tags?post=26725"}],"curies":[{"name":"wp","href":"https:\/\/api.w.org\/{rel}","templated":true}]}}