{"id":26683,"date":"2025-07-16T13:20:57","date_gmt":"2025-07-16T13:20:57","guid":{"rendered":"https:\/\/blogseyir.com\/wp\/?p=26683"},"modified":"2025-07-16T13:20:59","modified_gmt":"2025-07-16T13:20:59","slug":"ndodh-ne-kete-plazh-te-vendit-qytetari-humb-jeten-dyshohet-se","status":"publish","type":"post","link":"https:\/\/blogseyir.com\/wp\/ndodh-ne-kete-plazh-te-vendit-qytetari-humb-jeten-dyshohet-se\/","title":{"rendered":"Ndodh n\u00eb k\u00ebt\u00eb plazh t\u00eb vendit! Qytetari humb jet\u00ebn, dyshohet se&#8230;"},"content":{"rendered":"<p>Nj\u00eb ngjarje e r\u00ebnd\u00eb \u00ebsht\u00eb regjistruar dit\u00ebn e h\u00ebn\u00eb n\u00eb plazhin e Dar\u00ebzez\u00ebs, ku ka nd\u00ebrruar jet\u00eb nj\u00eb 48-vje\u00e7ar.<\/p>\n<p>Sipas njoftimit t\u00eb policis\u00eb, shtetasi B. \u00c7., banues n\u00eb Ballsh, dyshohet se ka humbur jet\u00ebn si pasoj\u00eb e nj\u00eb arresti kardiak.<\/p>\n<p>Policia b\u00ebn me dije se po punon p\u00ebr dokumentimin dhe sqarimin e plot\u00eb t\u00eb rrethanave t\u00eb ngjarjes.<\/p><div id=\"blogs-2313423633\" class=\"blogs-stick blogs-entity-placement\"><div id=\"div-gpt-ad-1770230783865-0\" style=\"min-width:300px; min-height:50px;\"><\/div><\/div>\n<p>\u201cM\u00eb dat\u00eb 15.07.2025, n\u00eb plazhin e Dar\u00ebzez\u00ebs, ka humbur jet\u00ebn, dyshohet p\u00ebr shkak t\u00eb arrestit kardiak, shtetasi B. \u00c7., 48 vje\u00e7, banues n\u00eb Ballsh.<\/p>\n<p>Punohet p\u00ebr dokumentimin e rrethanave t\u00eb rastit.\u201d, thuhet n\u00eb njoftimin e policis\u00eb.<\/p>\n<div id=\"blogs-3345002203\" class=\"blogs-adsense-after-kontent blogs-entity-placement\"><script async src=\"https:\/\/pagead2.googlesyndication.com\/pagead\/js\/adsbygoogle.js\"\r\n     crossorigin=\"anonymous\"><\/script>\r\n<!-- Tiranaread -->\r\n<ins class=\"adsbygoogle\"\r\n     style=\"display:inline-block;width:728px;height:90px\"\r\n     data-ad-client=\"ca-pub-2355142065052501\"\r\n\t data-page-url=\"https:\/\/blogseyir.com\"\r\n     data-ad-slot=\"7464751963\"><\/ins>\r\n<script>\r\n     (adsbygoogle = window.adsbygoogle || []).push({});\r\n<\/script><\/div>","protected":false},"excerpt":{"rendered":"<p>Nj\u00eb ngjarje e r\u00ebnd\u00eb \u00ebsht\u00eb regjistruar dit\u00ebn e h\u00ebn\u00eb n\u00eb plazhin e Dar\u00ebzez\u00ebs, ku ka nd\u00ebrruar jet\u00eb nj\u00eb 48-vje\u00e7ar. Sipas njoftimit t\u00eb policis\u00eb, shtetasi B. \u00c7., banues n\u00eb Ballsh, dyshohet se ka humbur jet\u00ebn si pasoj\u00eb e nj\u00eb arresti kardiak. Policia b\u00ebn me dije se po punon p\u00ebr dokumentimin dhe sqarimin e plot\u00eb t\u00eb rrethanave [&hellip;]<\/p>\n","protected":false},"author":1,"featured_media":26685,"comment_status":"open","ping_status":"closed","sticky":false,"template":"","format":"standard","meta":{"footnotes":""},"categories":[32],"tags":[1322,1321,40,41],"class_list":["post-26683","post","type-post","status-publish","format-standard","has-post-thumbnail","hentry","category-te-fundit","tag-48-vjecari","tag-darezeze","tag-te-fundit","tag-vdekje"],"_links":{"self":[{"href":"https:\/\/blogseyir.com\/wp\/wp-json\/wp\/v2\/posts\/26683","targetHints":{"allow":["GET"]}}],"collection":[{"href":"https:\/\/blogseyir.com\/wp\/wp-json\/wp\/v2\/posts"}],"about":[{"href":"https:\/\/blogseyir.com\/wp\/wp-json\/wp\/v2\/types\/post"}],"author":[{"embeddable":true,"href":"https:\/\/blogseyir.com\/wp\/wp-json\/wp\/v2\/users\/1"}],"replies":[{"embeddable":true,"href":"https:\/\/blogseyir.com\/wp\/wp-json\/wp\/v2\/comments?post=26683"}],"version-history":[{"count":1,"href":"https:\/\/blogseyir.com\/wp\/wp-json\/wp\/v2\/posts\/26683\/revisions"}],"predecessor-version":[{"id":26684,"href":"https:\/\/blogseyir.com\/wp\/wp-json\/wp\/v2\/posts\/26683\/revisions\/26684"}],"wp:featuredmedia":[{"embeddable":true,"href":"https:\/\/blogseyir.com\/wp\/wp-json\/wp\/v2\/media\/26685"}],"wp:attachment":[{"href":"https:\/\/blogseyir.com\/wp\/wp-json\/wp\/v2\/media?parent=26683"}],"wp:term":[{"taxonomy":"category","embeddable":true,"href":"https:\/\/blogseyir.com\/wp\/wp-json\/wp\/v2\/categories?post=26683"},{"taxonomy":"post_tag","embeddable":true,"href":"https:\/\/blogseyir.com\/wp\/wp-json\/wp\/v2\/tags?post=26683"}],"curies":[{"name":"wp","href":"https:\/\/api.w.org\/{rel}","templated":true}]}}