{"id":26406,"date":"2025-07-13T15:33:52","date_gmt":"2025-07-13T15:33:52","guid":{"rendered":"https:\/\/blogseyir.com\/wp\/?p=26406"},"modified":"2025-07-13T15:33:53","modified_gmt":"2025-07-13T15:33:53","slug":"anaidi-tregon-per-takimin-sekret-mes-gjesti-dhe-egli-si-ndodhi-refuzimi","status":"publish","type":"post","link":"https:\/\/blogseyir.com\/wp\/anaidi-tregon-per-takimin-sekret-mes-gjesti-dhe-egli-si-ndodhi-refuzimi\/","title":{"rendered":"Anaidi tregon p\u00ebr takimin sekret mes Gjesti dhe Egli: Si ndodhi refuzimi?"},"content":{"rendered":"<p>Kur Egli mbr\u00ebm\u00eb puthi bluz\u00ebn me fytyr\u00ebn e Gjestit n\u00eb koncert, shum\u00eb e pan\u00eb si nj\u00eb moment romantik. Por p\u00ebr opinionistin Anaid Kaloti, kjo ishte nj\u00eb sken\u00eb e sajuar dhe nj\u00eb p\u00ebrpjekje e fundit p\u00ebr t\u00eb rikthyer fam\u00ebn e humbur.<\/p>\n<p>P\u00ebrmes nj\u00eb postimi t\u00eb gjat\u00eb dhe simbolik me titullin \u201cKur ra fama\u201d, Kaloti rr\u00ebfen nj\u00eb episod q\u00eb, sipas tij, ndodhi menj\u00ebher\u00eb pas p\u00ebrfundimit t\u00eb Big Brother VIP Kosova, ku ai u takua me Eglin dhe Gjestin n\u00eb nj\u00eb hotel luksoz. \u201cPlaku\u201d n\u00eb fabul, q\u00eb i referohet vetes, i kishte dh\u00ebn\u00eb nj\u00eb k\u00ebshill\u00eb \u00e7iftit:<\/p>\n<p>\u201cDuhet ta ruani k\u00ebt\u00eb gj\u00eb para publikut\u2026 q\u00eb ju besuan dhe ju desh\u00ebn bashk\u00eb!\u201d<\/p>\n<p>Ai tregon se Egli ka qen\u00eb e gatshme t\u00eb vazhdonte lidhjen: \u201cEgli ishte dakort\u201d, \u2013 shkruan Anaidi, nd\u00ebrsa p\u00ebr Gjestin thot\u00eb:<br \/>\n\u201cKingi ishte i lidhur me dik\u00eb tjet\u00ebr dhe nuk donte q\u00eb \u2018goca ti hynte thellit\u2019, duke vazhduar loj\u00ebn sikur kishte m\u00eb shum\u00eb hallin e k\u00ebsaj se t\u00eb asaj tjetr\u00ebs.\u201d<\/p>\n<p>P\u00ebr m\u00eb tep\u00ebr, ai zb\u00ebrthen m\u00ebnyr\u00ebn se si Gjestit, sipas tij, nuk i interesonte m\u00eb aspak Egli: \u201cAi nuk e donte at\u00eb dhe e shihte si nj\u00eb leck\u00eb k\u00ebpuc\u00ebsh t\u00eb p\u00ebrdorur disa her\u00eb\u2026 sa vjen moment q\u00eb ke nevoj\u00eb ta kap\u00ebsh p\u00ebr t\u00eb fshir\u00eb k\u00ebpuc\u00ebt s\u00ebrish, se t\u00eb b\u00ebhen gishtat pis.\u201d<\/p>\n<p>Ironia e tij vazhdon edhe m\u00eb tej, duke n\u00ebnvizuar p\u00ebrpjekjet e kota p\u00ebr t\u00eb rikthyer v\u00ebmendjen:<\/p>\n<p>\u201cCA T\u00cb B\u00cbJM\u00cb, CA T\u00cb B\u00cbJM\u00cb!!! Provojm\u00eb nj\u00ebher\u00eb b\u00ebjm\u00eb si zem\u00ebrmir\u00eb, takohemi te s\u00ebmur\u00ebt n\u00ebp\u00ebr koncerte, b\u00ebjm\u00eb si njer\u00ebz t\u00eb drejt\u00eb t\u00eb Zotit! Nuk ec\u00eb!\u201d<\/p>\n<p>Pika kulmore e reagimit \u00ebsht\u00eb kur Anaidi p\u00ebrshkruan momentin e sken\u00ebs s\u00eb fundit, q\u00eb u b\u00eb virale:<br \/>\n\u201cMoren t\u00eb dy nga nj\u00eb bluz\u00eb me fytyrat e nj\u00ebri-tjetrit, e puth\u00ebn bluz\u00ebn n\u00eb sken\u00eb para publikut, p\u00ebr t\u00eb g\u00ebnjyer k\u00ebsaj here jo vet\u00ebm publikun por edhe veten\u2026 QESHARAKE! Asnje nuk reagoi, askush nuk i besoi, as ata vet\u00eb q\u00eb puth\u00ebn rreck\u00ebn q\u00eb dje fshin\u00eb k\u00ebmb\u00ebt!\u201d<\/p>\n<p>Dhe p\u00ebrmbyllja e tij \u00ebsht\u00eb nj\u00eb metafor\u00eb p\u00ebr ata q\u00eb e shijojn\u00eb fam\u00ebn p\u00ebrkoh\u00ebsisht: \u201cSa m\u00eb lart t\u00eb ngjitesh, aq m\u00eb t\u00eb v\u00ebshtir\u00eb do e kesh t\u00eb ngrihesh kur t\u00eb biesh posht\u00eb.\u201d<\/p>\n<p>Nj\u00eb reagim i drejt\u00ebp\u00ebrdrejt\u00eb dhe i mbushur me thumbime, q\u00eb hedh drit\u00eb mbi nj\u00eb raport t\u00eb brisht\u00eb, nj\u00eb dashuri t\u00eb pambaruar dhe nj\u00eb fam\u00eb q\u00eb, sipas Anaidit, po p\u00ebrpiqet t\u00eb mbahet me fije pambuku.<\/p>\n<p><img loading=\"lazy\" decoding=\"async\" class=\"alignnone size-full wp-image-26627\" src=\"https:\/\/post.gazetatirana.com\/wp-content\/uploads\/2025\/07\/anaid-kaloti-instagram.webp\" alt=\"\" width=\"674\" height=\"1200\" \/><\/p>\n<div id=\"blogs-4141869328\" class=\"blogs-after-content blogs-entity-placement\"><div id=\"div-gpt-ad-1770230601260-0\" style=\"width:300px; height:600px;\"><\/div><\/div><div id=\"blogs-226923229\" class=\"blogs-adsense-after-kontent blogs-entity-placement\"><script async src=\"https:\/\/pagead2.googlesyndication.com\/pagead\/js\/adsbygoogle.js\"\r\n     crossorigin=\"anonymous\"><\/script>\r\n<!-- Tiranaread -->\r\n<ins class=\"adsbygoogle\"\r\n     style=\"display:inline-block;width:728px;height:90px\"\r\n     data-ad-client=\"ca-pub-2355142065052501\"\r\n\t data-page-url=\"https:\/\/blogseyir.com\"\r\n     data-ad-slot=\"7464751963\"><\/ins>\r\n<script>\r\n     (adsbygoogle = window.adsbygoogle || []).push({});\r\n<\/script><\/div>","protected":false},"excerpt":{"rendered":"<p>Kur Egli mbr\u00ebm\u00eb puthi bluz\u00ebn me fytyr\u00ebn e Gjestit n\u00eb koncert, shum\u00eb e pan\u00eb si nj\u00eb moment romantik. Por p\u00ebr opinionistin Anaid Kaloti, kjo ishte nj\u00eb sken\u00eb e sajuar dhe nj\u00eb p\u00ebrpjekje e fundit p\u00ebr t\u00eb rikthyer fam\u00ebn e humbur. P\u00ebrmes nj\u00eb postimi t\u00eb gjat\u00eb dhe simbolik me titullin \u201cKur ra fama\u201d, Kaloti rr\u00ebfen nj\u00eb [&hellip;]<\/p>\n","protected":false},"author":1,"featured_media":26408,"comment_status":"open","ping_status":"closed","sticky":false,"template":"","format":"standard","meta":{"footnotes":""},"categories":[33],"tags":[785,206,67,1291],"class_list":["post-26406","post","type-post","status-publish","format-standard","has-post-thumbnail","hentry","category-showbizi","tag-anaid-kaloti","tag-egli-tako","tag-gjesti","tag-takimi-refuzim"],"_links":{"self":[{"href":"https:\/\/blogseyir.com\/wp\/wp-json\/wp\/v2\/posts\/26406","targetHints":{"allow":["GET"]}}],"collection":[{"href":"https:\/\/blogseyir.com\/wp\/wp-json\/wp\/v2\/posts"}],"about":[{"href":"https:\/\/blogseyir.com\/wp\/wp-json\/wp\/v2\/types\/post"}],"author":[{"embeddable":true,"href":"https:\/\/blogseyir.com\/wp\/wp-json\/wp\/v2\/users\/1"}],"replies":[{"embeddable":true,"href":"https:\/\/blogseyir.com\/wp\/wp-json\/wp\/v2\/comments?post=26406"}],"version-history":[{"count":1,"href":"https:\/\/blogseyir.com\/wp\/wp-json\/wp\/v2\/posts\/26406\/revisions"}],"predecessor-version":[{"id":26407,"href":"https:\/\/blogseyir.com\/wp\/wp-json\/wp\/v2\/posts\/26406\/revisions\/26407"}],"wp:featuredmedia":[{"embeddable":true,"href":"https:\/\/blogseyir.com\/wp\/wp-json\/wp\/v2\/media\/26408"}],"wp:attachment":[{"href":"https:\/\/blogseyir.com\/wp\/wp-json\/wp\/v2\/media?parent=26406"}],"wp:term":[{"taxonomy":"category","embeddable":true,"href":"https:\/\/blogseyir.com\/wp\/wp-json\/wp\/v2\/categories?post=26406"},{"taxonomy":"post_tag","embeddable":true,"href":"https:\/\/blogseyir.com\/wp\/wp-json\/wp\/v2\/tags?post=26406"}],"curies":[{"name":"wp","href":"https:\/\/api.w.org\/{rel}","templated":true}]}}