{"id":26381,"date":"2025-07-13T11:13:42","date_gmt":"2025-07-13T11:13:42","guid":{"rendered":"https:\/\/blogseyir.com\/wp\/?p=26381"},"modified":"2025-07-13T11:13:43","modified_gmt":"2025-07-13T11:13:43","slug":"ndodh-ne-mes-te-koncertit-egli-tako-puth-gjestin-habiten-fansat","status":"publish","type":"post","link":"https:\/\/blogseyir.com\/wp\/ndodh-ne-mes-te-koncertit-egli-tako-puth-gjestin-habiten-fansat\/","title":{"rendered":"Ndodh n\u00eb mes t\u00eb koncertit! Egli Tako puth Gjestin, &#8216;HABITEN&#8217; fansat!"},"content":{"rendered":"<p>Disa jav\u00eb m\u00eb par\u00eb, k\u00ebng\u00ebtari Gjesti, n\u00eb nj\u00eb nga koncertet e tij, habiti publikun pasi puthi nj\u00eb bluz\u00eb me foton e tij dhe Eglit, t\u00eb cil\u00ebn ia dha nj\u00eb prej fansave.<\/p>\n<p>Momenti u b\u00eb menj\u00ebher\u00eb viral dhe u mor si sinjal se mes tij dhe Eglit mund t\u00eb ket\u00eb ende nj\u00eb lidhje, edhe pas p\u00ebrfundimit t\u00eb Big Brother VIP 4.<\/p>\n<p>Mbr\u00ebm\u00eb, t\u00eb nj\u00ebjt\u00ebn gj\u00eb e b\u00ebri edhe Egli Tako.<\/p>\n<p>Nga skena, para se t\u00eb puthte nj\u00eb bluz\u00eb n\u00eb t\u00eb cil\u00ebn ndodhej nj\u00eb foto e Gjestit, Egli tha: \u201cE keni b\u00ebr\u00eb Part 2-shin? Un\u00eb do ta puth, se jam m\u00ebsuar t\u2019ia kthej puthjet\u201d.<\/p>\n<p>Reagimi i publikut ishte i menj\u00ebhersh\u00ebm, me brohoritje dhe duartrokitje, duke e kthyer momentin n\u00eb nj\u00eb tjet\u00ebr episod t\u00eb shum\u00ebp\u00ebrfolur t\u00eb k\u00ebsaj romance q\u00eb vijon t\u00eb mbetet n\u00eb qend\u00ebr t\u00eb v\u00ebmendjes.<\/p>\n<p>&nbsp;<\/p>\n<p>https:\/\/streamable.com\/iv0a4n<\/p>\n<p>&nbsp;<\/p>\n<div id=\"blogs-3523385043\" class=\"blogs-adsense-after-kontent blogs-entity-placement\"><script async src=\"https:\/\/pagead2.googlesyndication.com\/pagead\/js\/adsbygoogle.js\"\r\n     crossorigin=\"anonymous\"><\/script>\r\n<!-- Tiranaread -->\r\n<ins class=\"adsbygoogle\"\r\n     style=\"display:inline-block;width:728px;height:90px\"\r\n     data-ad-client=\"ca-pub-2355142065052501\"\r\n\t data-page-url=\"https:\/\/blogseyir.com\"\r\n     data-ad-slot=\"7464751963\"><\/ins>\r\n<script>\r\n     (adsbygoogle = window.adsbygoogle || []).push({});\r\n<\/script><\/div>","protected":false},"excerpt":{"rendered":"<p>Disa jav\u00eb m\u00eb par\u00eb, k\u00ebng\u00ebtari Gjesti, n\u00eb nj\u00eb nga koncertet e tij, habiti publikun pasi puthi nj\u00eb bluz\u00eb me foton e tij dhe Eglit, t\u00eb cil\u00ebn ia dha nj\u00eb prej fansave. Momenti u b\u00eb menj\u00ebher\u00eb viral dhe u mor si sinjal se mes tij dhe Eglit mund t\u00eb ket\u00eb ende nj\u00eb lidhje, edhe pas p\u00ebrfundimit [&hellip;]<\/p>\n","protected":false},"author":1,"featured_media":26383,"comment_status":"open","ping_status":"closed","sticky":false,"template":"","format":"standard","meta":{"footnotes":""},"categories":[32],"tags":[206,67],"class_list":["post-26381","post","type-post","status-publish","format-standard","has-post-thumbnail","hentry","category-te-fundit","tag-egli-tako","tag-gjesti"],"_links":{"self":[{"href":"https:\/\/blogseyir.com\/wp\/wp-json\/wp\/v2\/posts\/26381","targetHints":{"allow":["GET"]}}],"collection":[{"href":"https:\/\/blogseyir.com\/wp\/wp-json\/wp\/v2\/posts"}],"about":[{"href":"https:\/\/blogseyir.com\/wp\/wp-json\/wp\/v2\/types\/post"}],"author":[{"embeddable":true,"href":"https:\/\/blogseyir.com\/wp\/wp-json\/wp\/v2\/users\/1"}],"replies":[{"embeddable":true,"href":"https:\/\/blogseyir.com\/wp\/wp-json\/wp\/v2\/comments?post=26381"}],"version-history":[{"count":1,"href":"https:\/\/blogseyir.com\/wp\/wp-json\/wp\/v2\/posts\/26381\/revisions"}],"predecessor-version":[{"id":26382,"href":"https:\/\/blogseyir.com\/wp\/wp-json\/wp\/v2\/posts\/26381\/revisions\/26382"}],"wp:featuredmedia":[{"embeddable":true,"href":"https:\/\/blogseyir.com\/wp\/wp-json\/wp\/v2\/media\/26383"}],"wp:attachment":[{"href":"https:\/\/blogseyir.com\/wp\/wp-json\/wp\/v2\/media?parent=26381"}],"wp:term":[{"taxonomy":"category","embeddable":true,"href":"https:\/\/blogseyir.com\/wp\/wp-json\/wp\/v2\/categories?post=26381"},{"taxonomy":"post_tag","embeddable":true,"href":"https:\/\/blogseyir.com\/wp\/wp-json\/wp\/v2\/tags?post=26381"}],"curies":[{"name":"wp","href":"https:\/\/api.w.org\/{rel}","templated":true}]}}