{"id":26103,"date":"2025-07-09T14:59:07","date_gmt":"2025-07-09T14:59:07","guid":{"rendered":"https:\/\/blogseyir.com\/wp\/?p=26103"},"modified":"2025-07-09T14:59:08","modified_gmt":"2025-07-09T14:59:08","slug":"cfare-behet-me-bbva-arbana-osmani-i-jep-pergjigjen-e-papritur-ndjekesve","status":"publish","type":"post","link":"https:\/\/blogseyir.com\/wp\/cfare-behet-me-bbva-arbana-osmani-i-jep-pergjigjen-e-papritur-ndjekesve\/","title":{"rendered":"&#8216;Cfar\u00eb b\u00ebhet me BBVA?&#8217; Arbana Osmani i jep p\u00ebrgjigjen e PAPRITUR ndjek\u00ebsve!"},"content":{"rendered":"<p>Moderatorja e njohur, Arbana Osmani i ka dh\u00ebn\u00eb mund\u00ebsin\u00eb ndjek\u00ebsve t\u00eb saj t\u2019i b\u00ebjn\u00eb pyetje nga m\u00eb t\u00eb ndryshmet p\u00ebrmes opsionit \u2018pyetje-p\u00ebrgjigje\u2019 n\u00eb Instagram.<\/p>\n<p>E nj\u00eb pyetje n\u00eb k\u00ebt\u00eb mes nuk mungoi rreth Big Brother, ku tashm\u00eb dihet se Arbana \u00ebsht\u00eb nj\u00eb ikon\u00eb e k\u00ebtij formati.<\/p>\n<p>\u201c\u00c7far\u00eb do t\u00eb b\u00ebhet me Big Brother VIP, sa p\u00ebr rutin\u00eb mos t\u00eb mungoj si pyetje\u201d, ka qen\u00eb pyetja q\u00eb iu b\u00eb.<br \/>\nOsmani nd\u00ebrkoh\u00eb u p\u00ebrgjigj: \u201c\u00c7far\u00eb pyet\u00ebsori do t\u00eb ishte n\u00ebse nuk do ishte kjo pyetje\u201d.<\/p>\n<p><img loading=\"lazy\" decoding=\"async\" class=\"wp-image-26275 alignnone size-full\" src=\"https:\/\/blogseyir.com\/wp\/wp-content\/uploads\/2025\/07\/image-4-23.jpg\" alt=\"\" width=\"490\" height=\"867\" \/><\/p>\n<p>Arbana ka premtuar se do t\u00eb rikthehet n\u00eb ekran shum\u00eb shpejt, por mbetet p\u00ebr t\u2019u par\u00eb se \u00e7far\u00eb do t\u00eb sjell\u00eb.<\/p>\n<p>&nbsp;<\/p>\n<div id=\"blogs-1754788484\" class=\"blogs-adsense-after-kontent blogs-entity-placement\"><script async src=\"https:\/\/pagead2.googlesyndication.com\/pagead\/js\/adsbygoogle.js\"\r\n     crossorigin=\"anonymous\"><\/script>\r\n<!-- Tiranaread -->\r\n<ins class=\"adsbygoogle\"\r\n     style=\"display:inline-block;width:728px;height:90px\"\r\n     data-ad-client=\"ca-pub-2355142065052501\"\r\n\t data-page-url=\"https:\/\/blogseyir.com\"\r\n     data-ad-slot=\"7464751963\"><\/ins>\r\n<script>\r\n     (adsbygoogle = window.adsbygoogle || []).push({});\r\n<\/script><\/div>","protected":false},"excerpt":{"rendered":"<p>Moderatorja e njohur, Arbana Osmani i ka dh\u00ebn\u00eb mund\u00ebsin\u00eb ndjek\u00ebsve t\u00eb saj t\u2019i b\u00ebjn\u00eb pyetje nga m\u00eb t\u00eb ndryshmet p\u00ebrmes opsionit \u2018pyetje-p\u00ebrgjigje\u2019 n\u00eb Instagram. E nj\u00eb pyetje n\u00eb k\u00ebt\u00eb mes nuk mungoi rreth Big Brother, ku tashm\u00eb dihet se Arbana \u00ebsht\u00eb nj\u00eb ikon\u00eb e k\u00ebtij formati. \u201c\u00c7far\u00eb do t\u00eb b\u00ebhet me Big Brother VIP, sa [&hellip;]<\/p>\n","protected":false},"author":1,"featured_media":26105,"comment_status":"open","ping_status":"closed","sticky":false,"template":"","format":"standard","meta":{"footnotes":""},"categories":[32],"tags":[215,1041],"class_list":["post-26103","post","type-post","status-publish","format-standard","has-post-thumbnail","hentry","category-te-fundit","tag-arbana-osmani","tag-big-brother-vip-albania"],"_links":{"self":[{"href":"https:\/\/blogseyir.com\/wp\/wp-json\/wp\/v2\/posts\/26103","targetHints":{"allow":["GET"]}}],"collection":[{"href":"https:\/\/blogseyir.com\/wp\/wp-json\/wp\/v2\/posts"}],"about":[{"href":"https:\/\/blogseyir.com\/wp\/wp-json\/wp\/v2\/types\/post"}],"author":[{"embeddable":true,"href":"https:\/\/blogseyir.com\/wp\/wp-json\/wp\/v2\/users\/1"}],"replies":[{"embeddable":true,"href":"https:\/\/blogseyir.com\/wp\/wp-json\/wp\/v2\/comments?post=26103"}],"version-history":[{"count":1,"href":"https:\/\/blogseyir.com\/wp\/wp-json\/wp\/v2\/posts\/26103\/revisions"}],"predecessor-version":[{"id":26104,"href":"https:\/\/blogseyir.com\/wp\/wp-json\/wp\/v2\/posts\/26103\/revisions\/26104"}],"wp:featuredmedia":[{"embeddable":true,"href":"https:\/\/blogseyir.com\/wp\/wp-json\/wp\/v2\/media\/26105"}],"wp:attachment":[{"href":"https:\/\/blogseyir.com\/wp\/wp-json\/wp\/v2\/media?parent=26103"}],"wp:term":[{"taxonomy":"category","embeddable":true,"href":"https:\/\/blogseyir.com\/wp\/wp-json\/wp\/v2\/categories?post=26103"},{"taxonomy":"post_tag","embeddable":true,"href":"https:\/\/blogseyir.com\/wp\/wp-json\/wp\/v2\/tags?post=26103"}],"curies":[{"name":"wp","href":"https:\/\/api.w.org\/{rel}","templated":true}]}}