{"id":26071,"date":"2025-07-08T13:33:18","date_gmt":"2025-07-08T13:33:18","guid":{"rendered":"https:\/\/blogseyir.com\/wp\/?p=26071"},"modified":"2025-07-08T13:33:19","modified_gmt":"2025-07-08T13:33:19","slug":"gjykata-e-larte-merr-kete-vendim-per-erion-veliajn","status":"publish","type":"post","link":"https:\/\/blogseyir.com\/wp\/gjykata-e-larte-merr-kete-vendim-per-erion-veliajn\/","title":{"rendered":"Gjykata e Lart\u00eb merr kete vendim p\u00ebr Erion Veliajn!"},"content":{"rendered":"<p>Dit\u00ebn e sotme, Gjykata e Lart\u00eb ka vendosur t\u00eb l\u00ebr\u00eb n\u00eb fuqi mas\u00ebn e siguris\u00eb p\u00ebr kryebashkiakun e arrestuar t\u00eb Tiran\u00ebs, Erion Veliaj. Vendimi u mor pas shqyrtimit t\u00eb seanc\u00ebs gjyq\u00ebsore dhe rr\u00ebzimit t\u00eb rekursit t\u00eb paraqitur nga mbrojtja e Veliajt.<\/p>\n<p>Ai ndodhet aktualisht n\u00eb paraburgim n\u00eb Durr\u00ebs dhe \u00ebsht\u00eb n\u00ebn hetim p\u00ebr disa akuza t\u00eb r\u00ebnda, p\u00ebrfshir\u00eb korrupsion, pastrim parash, fshehje pasurie dhe futje t\u00eb paligjshme t\u00eb sendeve n\u00eb ambientet e burgut.<\/p>\n<p>Vendimi i sot\u00ebm vjen pas nj\u00eb rishikimi t\u00eb mas\u00ebs nga Apeli i GJKKO, t\u00eb cilin Gjykata e Lart\u00eb e konsideroi t\u00eb ligjsh\u00ebm dhe t\u00eb bazuar n\u00eb prova.<\/p>\n<p>Procesi ndaj Veliajt vijon, nd\u00ebrsa institucionet e drejt\u00ebsis\u00eb jan\u00eb n\u00eb faz\u00ebn e hetimeve t\u00eb thelluara.<\/p>\n<div id=\"blogs-3480345664\" class=\"blogs-after-content blogs-entity-placement\"><div id=\"div-gpt-ad-1770230601260-0\" style=\"width:300px; height:600px;\"><\/div><\/div><div id=\"blogs-550668560\" class=\"blogs-adsense-after-kontent blogs-entity-placement\"><script async src=\"https:\/\/pagead2.googlesyndication.com\/pagead\/js\/adsbygoogle.js\"\r\n     crossorigin=\"anonymous\"><\/script>\r\n<!-- Tiranaread -->\r\n<ins class=\"adsbygoogle\"\r\n     style=\"display:inline-block;width:728px;height:90px\"\r\n     data-ad-client=\"ca-pub-2355142065052501\"\r\n\t data-page-url=\"https:\/\/blogseyir.com\"\r\n     data-ad-slot=\"7464751963\"><\/ins>\r\n<script>\r\n     (adsbygoogle = window.adsbygoogle || []).push({});\r\n<\/script><\/div>","protected":false},"excerpt":{"rendered":"<p>Dit\u00ebn e sotme, Gjykata e Lart\u00eb ka vendosur t\u00eb l\u00ebr\u00eb n\u00eb fuqi mas\u00ebn e siguris\u00eb p\u00ebr kryebashkiakun e arrestuar t\u00eb Tiran\u00ebs, Erion Veliaj. Vendimi u mor pas shqyrtimit t\u00eb seanc\u00ebs gjyq\u00ebsore dhe rr\u00ebzimit t\u00eb rekursit t\u00eb paraqitur nga mbrojtja e Veliajt. Ai ndodhet aktualisht n\u00eb paraburgim n\u00eb Durr\u00ebs dhe \u00ebsht\u00eb n\u00ebn hetim p\u00ebr disa akuza [&hellip;]<\/p>\n","protected":false},"author":1,"featured_media":26073,"comment_status":"open","ping_status":"closed","sticky":false,"template":"","format":"standard","meta":{"footnotes":""},"categories":[32],"tags":[1252,1207],"class_list":["post-26071","post","type-post","status-publish","format-standard","has-post-thumbnail","hentry","category-te-fundit","tag-erion-veliaj","tag-gjykata"],"_links":{"self":[{"href":"https:\/\/blogseyir.com\/wp\/wp-json\/wp\/v2\/posts\/26071","targetHints":{"allow":["GET"]}}],"collection":[{"href":"https:\/\/blogseyir.com\/wp\/wp-json\/wp\/v2\/posts"}],"about":[{"href":"https:\/\/blogseyir.com\/wp\/wp-json\/wp\/v2\/types\/post"}],"author":[{"embeddable":true,"href":"https:\/\/blogseyir.com\/wp\/wp-json\/wp\/v2\/users\/1"}],"replies":[{"embeddable":true,"href":"https:\/\/blogseyir.com\/wp\/wp-json\/wp\/v2\/comments?post=26071"}],"version-history":[{"count":1,"href":"https:\/\/blogseyir.com\/wp\/wp-json\/wp\/v2\/posts\/26071\/revisions"}],"predecessor-version":[{"id":26072,"href":"https:\/\/blogseyir.com\/wp\/wp-json\/wp\/v2\/posts\/26071\/revisions\/26072"}],"wp:featuredmedia":[{"embeddable":true,"href":"https:\/\/blogseyir.com\/wp\/wp-json\/wp\/v2\/media\/26073"}],"wp:attachment":[{"href":"https:\/\/blogseyir.com\/wp\/wp-json\/wp\/v2\/media?parent=26071"}],"wp:term":[{"taxonomy":"category","embeddable":true,"href":"https:\/\/blogseyir.com\/wp\/wp-json\/wp\/v2\/categories?post=26071"},{"taxonomy":"post_tag","embeddable":true,"href":"https:\/\/blogseyir.com\/wp\/wp-json\/wp\/v2\/tags?post=26071"}],"curies":[{"name":"wp","href":"https:\/\/api.w.org\/{rel}","templated":true}]}}