{"id":26007,"date":"2025-07-07T11:24:07","date_gmt":"2025-07-07T11:24:07","guid":{"rendered":"https:\/\/blogseyir.com\/wp\/?p=26007"},"modified":"2025-07-07T11:24:08","modified_gmt":"2025-07-07T11:24:08","slug":"befason-ori-nebijaj-me-historine-personale-i-shkruajta-ish-te-dashurit-ne-dasme-me-pas-ai-me","status":"publish","type":"post","link":"https:\/\/blogseyir.com\/wp\/befason-ori-nebijaj-me-historine-personale-i-shkruajta-ish-te-dashurit-ne-dasme-me-pas-ai-me\/","title":{"rendered":"BEFASON Ori Nebijaj me historin\u00eb personale &#8216;I shkruajta ish t\u00eb dashurit n\u00eb dasm\u00eb, m\u00eb pas ai m\u00eb&#8230;&#8217;"},"content":{"rendered":"<p>Ori Nebijaj ka befasuar me nj\u00eb rr\u00ebfim personal gjat\u00eb nj\u00eb interviste n\u00eb emisionin \u201cNat\u00ebn me Aulon\u00ebn\u201d, ku foli hapur p\u00ebr jet\u00ebn e saj personale dhe profesionale.<\/p>\n<p>Teksa diskutonin mbi momentet e sikletshme q\u00eb mund t\u2019i ken\u00eb ndodhur n\u00eb t\u00eb kaluar\u00ebn, Ori kujtoi nj\u00eb episod q\u00eb, sipas saj, nuk do ta harroj\u00eb kurr\u00eb. Ajo tregoi se gjat\u00eb nj\u00eb dasme t\u00eb nj\u00eb shoqeje t\u00eb ngusht\u00eb, vite m\u00eb par\u00eb, kishte marr\u00eb nj\u00eb vendim impulsiv.<\/p>\n<p>\u201cE di kur ka ndodhur kjo? Ka ndodhur nj\u00eb her\u00eb, ka qen\u00eb dasma e shoqes time. Ka disa vite, por e mbaj mend se ka qen\u00eb epike fare. I shkruajta ex-it n\u00eb das\u00ebm dhe n\u00eb at\u00eb sekond\u00eb u pendova. Doja m\u00eb pas q\u00eb ai mesazh t\u00eb mos mb\u00ebrrinte,\u201d rr\u00ebfeu ajo.<\/p>\n<p>Ori tregoi m\u00eb tej me humor se do t\u00eb b\u00ebnte \u00e7do gj\u00eb vet\u00ebm q\u00eb ai mesazh t\u00eb mos d\u00ebrgohej.<\/p>\n<p>&nbsp;<\/p>\n<p>https:\/\/streamable.com\/aqa13r<\/p>\n<p>&nbsp;<\/p>\n<div id=\"blogs-3306531553\" class=\"blogs-adsense-after-kontent blogs-entity-placement\"><script async src=\"https:\/\/pagead2.googlesyndication.com\/pagead\/js\/adsbygoogle.js\"\r\n     crossorigin=\"anonymous\"><\/script>\r\n<!-- Tiranaread -->\r\n<ins class=\"adsbygoogle\"\r\n     style=\"display:inline-block;width:728px;height:90px\"\r\n     data-ad-client=\"ca-pub-2355142065052501\"\r\n\t data-page-url=\"https:\/\/blogseyir.com\"\r\n     data-ad-slot=\"7464751963\"><\/ins>\r\n<script>\r\n     (adsbygoogle = window.adsbygoogle || []).push({});\r\n<\/script><\/div>","protected":false},"excerpt":{"rendered":"<p>Ori Nebijaj ka befasuar me nj\u00eb rr\u00ebfim personal gjat\u00eb nj\u00eb interviste n\u00eb emisionin \u201cNat\u00ebn me Aulon\u00ebn\u201d, ku foli hapur p\u00ebr jet\u00ebn e saj personale dhe profesionale. Teksa diskutonin mbi momentet e sikletshme q\u00eb mund t\u2019i ken\u00eb ndodhur n\u00eb t\u00eb kaluar\u00ebn, Ori kujtoi nj\u00eb episod q\u00eb, sipas saj, nuk do ta harroj\u00eb kurr\u00eb. Ajo tregoi se [&hellip;]<\/p>\n","protected":false},"author":1,"featured_media":26009,"comment_status":"open","ping_status":"closed","sticky":false,"template":"","format":"standard","meta":{"footnotes":""},"categories":[32],"tags":[1169,1242],"class_list":["post-26007","post","type-post","status-publish","format-standard","has-post-thumbnail","hentry","category-te-fundit","tag-aulona-musta","tag-ori-nebijaj"],"_links":{"self":[{"href":"https:\/\/blogseyir.com\/wp\/wp-json\/wp\/v2\/posts\/26007","targetHints":{"allow":["GET"]}}],"collection":[{"href":"https:\/\/blogseyir.com\/wp\/wp-json\/wp\/v2\/posts"}],"about":[{"href":"https:\/\/blogseyir.com\/wp\/wp-json\/wp\/v2\/types\/post"}],"author":[{"embeddable":true,"href":"https:\/\/blogseyir.com\/wp\/wp-json\/wp\/v2\/users\/1"}],"replies":[{"embeddable":true,"href":"https:\/\/blogseyir.com\/wp\/wp-json\/wp\/v2\/comments?post=26007"}],"version-history":[{"count":1,"href":"https:\/\/blogseyir.com\/wp\/wp-json\/wp\/v2\/posts\/26007\/revisions"}],"predecessor-version":[{"id":26008,"href":"https:\/\/blogseyir.com\/wp\/wp-json\/wp\/v2\/posts\/26007\/revisions\/26008"}],"wp:featuredmedia":[{"embeddable":true,"href":"https:\/\/blogseyir.com\/wp\/wp-json\/wp\/v2\/media\/26009"}],"wp:attachment":[{"href":"https:\/\/blogseyir.com\/wp\/wp-json\/wp\/v2\/media?parent=26007"}],"wp:term":[{"taxonomy":"category","embeddable":true,"href":"https:\/\/blogseyir.com\/wp\/wp-json\/wp\/v2\/categories?post=26007"},{"taxonomy":"post_tag","embeddable":true,"href":"https:\/\/blogseyir.com\/wp\/wp-json\/wp\/v2\/tags?post=26007"}],"curies":[{"name":"wp","href":"https:\/\/api.w.org\/{rel}","templated":true}]}}