{"id":25979,"date":"2025-07-06T19:43:40","date_gmt":"2025-07-06T19:43:40","guid":{"rendered":"https:\/\/blogseyir.com\/wp\/?p=25979"},"modified":"2025-07-06T19:43:40","modified_gmt":"2025-07-06T19:43:40","slug":"pergjket-e-diela-aksident-me-vdkje-ne-vend-humb-jeten-ky-person","status":"publish","type":"post","link":"https:\/\/blogseyir.com\/wp\/pergjket-e-diela-aksident-me-vdkje-ne-vend-humb-jeten-ky-person\/","title":{"rendered":"P\u00ebrgj*ket e Diela! Aksident me vd*kje n\u00eb vend, humb jet\u00ebn ky person!"},"content":{"rendered":"<p>Nj\u00eb aksident i r\u00ebnd\u00eb ka ndodhur k\u00ebt\u00eb t\u00eb diel n\u00eb fshatin \u00c7aj\u00eb t\u00eb Kuk\u00ebsit, ku nj\u00eb automjet ka p\u00ebrfunduar jasht\u00eb rrug\u00ebs.<\/p>\n<p>Burime p\u00ebr mediat b\u00ebjn\u00eb me dije se si pasoj\u00eb e k\u00ebtij aksidenti ka humbur jet\u00ebn 65-vje\u00e7ari Liman Shehu, i cili m\u00ebsohet se ishte dhe shoferi i automjetit.<\/p>\n<p>Menj\u00ebher\u00eb n\u00eb vendin e ngjarjes mb\u00ebrrit\u00ebn policia si dhe mjek\u00ebt, por fatkeq\u00ebsisht nuk mund\u00ebn t\u00eb b\u00ebjn\u00eb asgj\u00eb p\u00ebr 65-vje\u00e7arit. Grupit hetimor po punon p\u00ebr zbardhjen e plot\u00eb t\u00eb k\u00ebsaj ngjarje si dhe p\u00ebr shkaqet e plota t\u00eb aksidentit.<\/p><div id=\"blogs-1990123106\" class=\"blogs-stick blogs-entity-placement\"><div id=\"div-gpt-ad-1770230783865-0\" style=\"min-width:300px; min-height:50px;\"><\/div><\/div>\n<div id=\"blogs-477841776\" class=\"blogs-adsense-after-kontent blogs-entity-placement\"><script async src=\"https:\/\/pagead2.googlesyndication.com\/pagead\/js\/adsbygoogle.js\"\r\n     crossorigin=\"anonymous\"><\/script>\r\n<!-- Tiranaread -->\r\n<ins class=\"adsbygoogle\"\r\n     style=\"display:inline-block;width:728px;height:90px\"\r\n     data-ad-client=\"ca-pub-2355142065052501\"\r\n\t data-page-url=\"https:\/\/blogseyir.com\"\r\n     data-ad-slot=\"7464751963\"><\/ins>\r\n<script>\r\n     (adsbygoogle = window.adsbygoogle || []).push({});\r\n<\/script><\/div>","protected":false},"excerpt":{"rendered":"<p>Nj\u00eb aksident i r\u00ebnd\u00eb ka ndodhur k\u00ebt\u00eb t\u00eb diel n\u00eb fshatin \u00c7aj\u00eb t\u00eb Kuk\u00ebsit, ku nj\u00eb automjet ka p\u00ebrfunduar jasht\u00eb rrug\u00ebs. Burime p\u00ebr mediat b\u00ebjn\u00eb me dije se si pasoj\u00eb e k\u00ebtij aksidenti ka humbur jet\u00ebn 65-vje\u00e7ari Liman Shehu, i cili m\u00ebsohet se ishte dhe shoferi i automjetit. Menj\u00ebher\u00eb n\u00eb vendin e ngjarjes mb\u00ebrrit\u00ebn policia [&hellip;]<\/p>\n","protected":false},"author":1,"featured_media":25981,"comment_status":"open","ping_status":"closed","sticky":false,"template":"","format":"standard","meta":{"footnotes":""},"categories":[32],"tags":[183,1237,40,41],"class_list":["post-25979","post","type-post","status-publish","format-standard","has-post-thumbnail","hentry","category-te-fundit","tag-aksident","tag-liman-shehu","tag-te-fundit","tag-vdekje"],"_links":{"self":[{"href":"https:\/\/blogseyir.com\/wp\/wp-json\/wp\/v2\/posts\/25979","targetHints":{"allow":["GET"]}}],"collection":[{"href":"https:\/\/blogseyir.com\/wp\/wp-json\/wp\/v2\/posts"}],"about":[{"href":"https:\/\/blogseyir.com\/wp\/wp-json\/wp\/v2\/types\/post"}],"author":[{"embeddable":true,"href":"https:\/\/blogseyir.com\/wp\/wp-json\/wp\/v2\/users\/1"}],"replies":[{"embeddable":true,"href":"https:\/\/blogseyir.com\/wp\/wp-json\/wp\/v2\/comments?post=25979"}],"version-history":[{"count":1,"href":"https:\/\/blogseyir.com\/wp\/wp-json\/wp\/v2\/posts\/25979\/revisions"}],"predecessor-version":[{"id":25980,"href":"https:\/\/blogseyir.com\/wp\/wp-json\/wp\/v2\/posts\/25979\/revisions\/25980"}],"wp:featuredmedia":[{"embeddable":true,"href":"https:\/\/blogseyir.com\/wp\/wp-json\/wp\/v2\/media\/25981"}],"wp:attachment":[{"href":"https:\/\/blogseyir.com\/wp\/wp-json\/wp\/v2\/media?parent=25979"}],"wp:term":[{"taxonomy":"category","embeddable":true,"href":"https:\/\/blogseyir.com\/wp\/wp-json\/wp\/v2\/categories?post=25979"},{"taxonomy":"post_tag","embeddable":true,"href":"https:\/\/blogseyir.com\/wp\/wp-json\/wp\/v2\/tags?post=25979"}],"curies":[{"name":"wp","href":"https:\/\/api.w.org\/{rel}","templated":true}]}}