{"id":25630,"date":"2025-07-02T10:56:41","date_gmt":"2025-07-02T10:56:41","guid":{"rendered":"https:\/\/blogseyir.com\/wp\/?p=25630"},"modified":"2025-07-02T10:56:41","modified_gmt":"2025-07-02T10:56:41","slug":"jam-me-fat-qe-kam-qene-me-te-stine-bene-deklaraten-e-papritur-per-roza-latin","status":"publish","type":"post","link":"https:\/\/blogseyir.com\/wp\/jam-me-fat-qe-kam-qene-me-te-stine-bene-deklaraten-e-papritur-per-roza-latin\/","title":{"rendered":"&#8216;Jam me fat q\u00eb kam qen\u00eb me t\u00eb&#8230;&#8217; Stine b\u00ebn\u00eb deklarat\u00ebn e papritur p\u00ebr Roza Latin!"},"content":{"rendered":"<p>Edhe pse ka kaluar shum\u00eb koh\u00eb q\u00eb Stine dhe Roza Lati i kan\u00eb dh\u00ebn\u00eb fund lidhjes s\u00eb tyre, emrat e tyre vijojn\u00eb t\u00eb p\u00ebrmenden shpesh n\u00eb media.<\/p>\n<p>P\u00ebr marr\u00ebdh\u00ebnien e dikurshme mes dyshes duket se ende ka interes p\u00ebr publikun q\u00eb t\u00eb din\u00eb rreth saj.<\/p>\n<p>Vet\u00eb Stine ka folur disa her\u00eb p\u00ebr raportin q\u00eb ka pasur me Roz\u00ebn, por s\u00eb fundmi ai ishte i ftuar n\u00eb \u201cAndale\u201d, ku u pyet p\u00ebr nj\u00eb kapitull t\u00eb hersh\u00ebm t\u00eb jet\u00ebs s\u00eb tij.<\/p>\n<p>Reagimi i tij ishte i matur dhe larg \u00e7do ngarkese emocionale apo ndjesie nostalgjie.<\/p>\n<p>\u201cAsnj\u00eb gj\u00eb, koh\u00eb e bukur. Jam me fat q\u00eb kam qen\u00eb n\u00eb at\u00eb moment. \u00c7do koh\u00eb duhet respektuar\u201d, u shpreh Stine.<\/p>\n<p>Ai tha gjithashtu se nuk ka asnj\u00eb lloj kontakti me Roza Latin madje as marr\u00ebdh\u00ebnie shoq\u00ebrore, duket q\u00eb nj\u00eb distanc\u00eb \u00ebsht\u00eb vendosur dhe respektuar nga t\u00eb dyja pal\u00ebt.<\/p>\n<div id=\"blogs-902293452\" class=\"blogs-after-content blogs-entity-placement\"><div id=\"div-gpt-ad-1770230601260-0\" style=\"width:300px; height:600px;\"><\/div><\/div><div id=\"blogs-568551762\" class=\"blogs-adsense-after-kontent blogs-entity-placement\"><script async src=\"https:\/\/pagead2.googlesyndication.com\/pagead\/js\/adsbygoogle.js\"\r\n     crossorigin=\"anonymous\"><\/script>\r\n<!-- Tiranaread -->\r\n<ins class=\"adsbygoogle\"\r\n     style=\"display:inline-block;width:728px;height:90px\"\r\n     data-ad-client=\"ca-pub-2355142065052501\"\r\n\t data-page-url=\"https:\/\/blogseyir.com\"\r\n     data-ad-slot=\"7464751963\"><\/ins>\r\n<script>\r\n     (adsbygoogle = window.adsbygoogle || []).push({});\r\n<\/script><\/div>","protected":false},"excerpt":{"rendered":"<p>Edhe pse ka kaluar shum\u00eb koh\u00eb q\u00eb Stine dhe Roza Lati i kan\u00eb dh\u00ebn\u00eb fund lidhjes s\u00eb tyre, emrat e tyre vijojn\u00eb t\u00eb p\u00ebrmenden shpesh n\u00eb media. P\u00ebr marr\u00ebdh\u00ebnien e dikurshme mes dyshes duket se ende ka interes p\u00ebr publikun q\u00eb t\u00eb din\u00eb rreth saj. Vet\u00eb Stine ka folur disa her\u00eb p\u00ebr raportin q\u00eb ka [&hellip;]<\/p>\n","protected":false},"author":1,"featured_media":25632,"comment_status":"open","ping_status":"closed","sticky":false,"template":"","format":"standard","meta":{"footnotes":""},"categories":[32],"tags":[120,1206],"class_list":["post-25630","post","type-post","status-publish","format-standard","has-post-thumbnail","hentry","category-te-fundit","tag-roza-lati","tag-stine"],"_links":{"self":[{"href":"https:\/\/blogseyir.com\/wp\/wp-json\/wp\/v2\/posts\/25630","targetHints":{"allow":["GET"]}}],"collection":[{"href":"https:\/\/blogseyir.com\/wp\/wp-json\/wp\/v2\/posts"}],"about":[{"href":"https:\/\/blogseyir.com\/wp\/wp-json\/wp\/v2\/types\/post"}],"author":[{"embeddable":true,"href":"https:\/\/blogseyir.com\/wp\/wp-json\/wp\/v2\/users\/1"}],"replies":[{"embeddable":true,"href":"https:\/\/blogseyir.com\/wp\/wp-json\/wp\/v2\/comments?post=25630"}],"version-history":[{"count":1,"href":"https:\/\/blogseyir.com\/wp\/wp-json\/wp\/v2\/posts\/25630\/revisions"}],"predecessor-version":[{"id":25631,"href":"https:\/\/blogseyir.com\/wp\/wp-json\/wp\/v2\/posts\/25630\/revisions\/25631"}],"wp:featuredmedia":[{"embeddable":true,"href":"https:\/\/blogseyir.com\/wp\/wp-json\/wp\/v2\/media\/25632"}],"wp:attachment":[{"href":"https:\/\/blogseyir.com\/wp\/wp-json\/wp\/v2\/media?parent=25630"}],"wp:term":[{"taxonomy":"category","embeddable":true,"href":"https:\/\/blogseyir.com\/wp\/wp-json\/wp\/v2\/categories?post=25630"},{"taxonomy":"post_tag","embeddable":true,"href":"https:\/\/blogseyir.com\/wp\/wp-json\/wp\/v2\/tags?post=25630"}],"curies":[{"name":"wp","href":"https:\/\/api.w.org\/{rel}","templated":true}]}}