{"id":25627,"date":"2025-07-02T10:39:36","date_gmt":"2025-07-02T10:39:36","guid":{"rendered":"https:\/\/blogseyir.com\/wp\/?p=25627"},"modified":"2025-07-02T10:39:39","modified_gmt":"2025-07-02T10:39:39","slug":"mes-loteve-dhe-dhimbjes-se-madhe-neser-i-jepet-lamtumira-e-fundit-gazetarit-te-njohur-shqiptar","status":"publish","type":"post","link":"https:\/\/blogseyir.com\/wp\/mes-loteve-dhe-dhimbjes-se-madhe-neser-i-jepet-lamtumira-e-fundit-gazetarit-te-njohur-shqiptar\/","title":{"rendered":"Mes lot\u00ebve dhe dhimbjes s\u00eb madhe, nes\u00ebr i jepet lamtumira e fundit gazetarit t\u00eb njohur shqiptar!"},"content":{"rendered":"<p>Gazetari, poeti dhe ish-drejtori i Radio Shkodr\u00ebs, Dashamir Dini humbi jet\u00ebn dit\u00eb m\u00eb par\u00eb. S\u00ebmundja nga e cila vuante prej tre vitesh e gjunj\u00ebzoi Dinin. I lodhur nga dhimbja q\u00eb humbja e t\u00eb birit i la n\u00eb zem\u00ebr dhe s\u00ebmundja e viteve t\u00eb fundit, Dashamir Dini nuk arriti q\u00eb t\u00eb triumfonte betej\u00ebn p\u00ebr jet\u00ebn.<\/p>\n<p>Lajmin e trisht\u00eb e dha dit\u00eb m\u00eb par\u00eb vet\u00eb vajza e tij, k\u00ebng\u00ebtarja Barbara Dini. Duke qen\u00eb se kjo e fundit jeton n\u00eb Shtetet e Bashkuara t\u00eb Amerik\u00ebs, edhe babai i saj kishte shkuar ta vizitonte aty ku dhe nd\u00ebrroi jet\u00eb.<\/p>\n<p><img loading=\"lazy\" decoding=\"async\" class=\"wp-image-25748 alignnone size-full\" src=\"https:\/\/blogseyir.com\/wp\/wp-content\/uploads\/2025\/07\/image-2-6.jpg\" alt=\"\" width=\"946\" height=\"609\" \/><\/p>\n<p>Ka qen\u00eb s\u00ebrish k\u00ebng\u00ebtarja ajo e cila p\u00ebrmes nj\u00eb postimi n\u00eb rrjetet sociale ka lajm\u00ebruar se dit\u00ebn e nes\u00ebrme, 3 korrik, do t\u00eb p\u00ebrcillet p\u00ebr n\u00eb banes\u00ebn e fundit babai i saj, Dashamir Dini, zemra e t\u00eb cilit p\u00ebrgjat\u00eb viteve t\u00eb fundit \u201cl\u00ebngoi\u201d shum\u00eb, kjo p\u00ebr shkak t\u00eb humbjes s\u00eb parakohshme t\u00eb djalit t\u00eb tij, Ergi Dinit.<\/p><div id=\"blogs-2040971629\" class=\"blogs-stick blogs-entity-placement\"><div id=\"div-gpt-ad-1770230783865-0\" style=\"min-width:300px; min-height:50px;\"><\/div><\/div>\n<p><img loading=\"lazy\" decoding=\"async\" class=\"wp-image-25747 alignnone size-full\" src=\"https:\/\/blogseyir.com\/wp\/wp-content\/uploads\/2025\/07\/image-2-5.jpg\" alt=\"\" width=\"1122\" height=\"792\" \/><\/p>\n<p>Ark\u00ebmorti me trupin e pajet\u00eb t\u00eb Dinit do t\u00eb vendoset rreth or\u00ebs 10:30-12:30 n\u00eb ambientet e RTSH Shkod\u00ebr, nga ku dhe m\u00eb pas do t\u00eb p\u00ebrcillet p\u00ebr n\u00eb banes\u00ebn e fundit.<\/p>\n<p>Dashamir Dini nd\u00ebrroi jet\u00eb m\u00ebngjesin e 28 qershorit! T\u00eb shumt\u00eb ishin ata personalitete t\u00eb cil\u00ebt reaguan p\u00ebr k\u00ebt\u00eb humbje t\u00eb madhe duke e konsideruar Dinin si nj\u00eb shok besnik, nj\u00eb intelektual dhe nj\u00eb burr\u00eb q\u00eb t\u00eb rrall\u00eb i kishte njer\u00ebzit si vetja.<\/p>\n<p>&nbsp;<\/p>\n<div id=\"blogs-2139621156\" class=\"blogs-adsense-after-kontent blogs-entity-placement\"><script async src=\"https:\/\/pagead2.googlesyndication.com\/pagead\/js\/adsbygoogle.js\"\r\n     crossorigin=\"anonymous\"><\/script>\r\n<!-- Tiranaread -->\r\n<ins class=\"adsbygoogle\"\r\n     style=\"display:inline-block;width:728px;height:90px\"\r\n     data-ad-client=\"ca-pub-2355142065052501\"\r\n\t data-page-url=\"https:\/\/blogseyir.com\"\r\n     data-ad-slot=\"7464751963\"><\/ins>\r\n<script>\r\n     (adsbygoogle = window.adsbygoogle || []).push({});\r\n<\/script><\/div>","protected":false},"excerpt":{"rendered":"<p>Gazetari, poeti dhe ish-drejtori i Radio Shkodr\u00ebs, Dashamir Dini humbi jet\u00ebn dit\u00eb m\u00eb par\u00eb. S\u00ebmundja nga e cila vuante prej tre vitesh e gjunj\u00ebzoi Dinin. I lodhur nga dhimbja q\u00eb humbja e t\u00eb birit i la n\u00eb zem\u00ebr dhe s\u00ebmundja e viteve t\u00eb fundit, Dashamir Dini nuk arriti q\u00eb t\u00eb triumfonte betej\u00ebn p\u00ebr jet\u00ebn. Lajmin [&hellip;]<\/p>\n","protected":false},"author":1,"featured_media":25629,"comment_status":"open","ping_status":"closed","sticky":false,"template":"","format":"standard","meta":{"footnotes":""},"categories":[32],"tags":[1205,41],"class_list":["post-25627","post","type-post","status-publish","format-standard","has-post-thumbnail","hentry","category-te-fundit","tag-dashamir-dini","tag-vdekje"],"_links":{"self":[{"href":"https:\/\/blogseyir.com\/wp\/wp-json\/wp\/v2\/posts\/25627","targetHints":{"allow":["GET"]}}],"collection":[{"href":"https:\/\/blogseyir.com\/wp\/wp-json\/wp\/v2\/posts"}],"about":[{"href":"https:\/\/blogseyir.com\/wp\/wp-json\/wp\/v2\/types\/post"}],"author":[{"embeddable":true,"href":"https:\/\/blogseyir.com\/wp\/wp-json\/wp\/v2\/users\/1"}],"replies":[{"embeddable":true,"href":"https:\/\/blogseyir.com\/wp\/wp-json\/wp\/v2\/comments?post=25627"}],"version-history":[{"count":1,"href":"https:\/\/blogseyir.com\/wp\/wp-json\/wp\/v2\/posts\/25627\/revisions"}],"predecessor-version":[{"id":25628,"href":"https:\/\/blogseyir.com\/wp\/wp-json\/wp\/v2\/posts\/25627\/revisions\/25628"}],"wp:featuredmedia":[{"embeddable":true,"href":"https:\/\/blogseyir.com\/wp\/wp-json\/wp\/v2\/media\/25629"}],"wp:attachment":[{"href":"https:\/\/blogseyir.com\/wp\/wp-json\/wp\/v2\/media?parent=25627"}],"wp:term":[{"taxonomy":"category","embeddable":true,"href":"https:\/\/blogseyir.com\/wp\/wp-json\/wp\/v2\/categories?post=25627"},{"taxonomy":"post_tag","embeddable":true,"href":"https:\/\/blogseyir.com\/wp\/wp-json\/wp\/v2\/tags?post=25627"}],"curies":[{"name":"wp","href":"https:\/\/api.w.org\/{rel}","templated":true}]}}