{"id":25589,"date":"2025-07-01T19:40:22","date_gmt":"2025-07-01T19:40:22","guid":{"rendered":"https:\/\/blogseyir.com\/wp\/?p=25589"},"modified":"2025-07-01T19:40:23","modified_gmt":"2025-07-01T19:40:23","slug":"mendova-se-po-me-puthte-ne-ball-por-ai-me-neda-balluku-perlot-me-shkrimin-pas-ngjarjes-tronditese-ne-fier-2","status":"publish","type":"post","link":"https:\/\/blogseyir.com\/wp\/mendova-se-po-me-puthte-ne-ball-por-ai-me-neda-balluku-perlot-me-shkrimin-pas-ngjarjes-tronditese-ne-fier-2\/","title":{"rendered":"\u2018Mendova se po m\u00eb puthte n\u00eb ball, por ai m\u00eb\u2026\u2019 Neda Balluku p\u00ebrlot me shkrimin pas ngjarjes tronditese n\u00eb Fier!"},"content":{"rendered":"<p>Nga Neda Balluku<\/p>\n<p>\u201cBabi hapi der\u00ebn dhe hyri n\u00eb dhom\u00eb shum\u00eb ngadal\u00eb, por un\u00eb u zgjova. E pash\u00eb hijen e tij t\u00eb l\u00ebvizte n\u00ebp\u00ebr dhom\u00eb dhe u g\u00ebzova nga mendimi se mos mbase erdhi p\u00ebr t\u00eb m\u00eb puthur ballin, sepse nuk m\u00eb puthi para se t\u00eb flija.<\/p>\n<p>E thirra \u201cba\u201d me z\u00eb t\u00eb ul\u00ebt sepse nuk doja t\u00eb zgjoja kat\u00ebr motrat dhe v\u00ebllez\u00ebrit m\u00eb t\u00eb vegj\u00ebl. Kur ata zgjohen m\u00eb takon mua t\u2019i tund, tu flas, tu k\u00ebndoj derisa t\u2019i z\u00ebr\u00eb edhe nj\u00eb her\u00eb gjumi e n\u00ebse nuk ndodh, dhe ata z\u00ebn\u00eb t\u00eb qajn\u00eb, mami m\u00eb d\u00ebnon p\u00ebrher\u00eb mua.<\/p>\n<p>Babi u afrua dhe vuri gishtin mes buz\u00ebve t\u00eb tij p\u00ebr t\u00eb m\u00eb k\u00ebrkuar t\u00eb heshtja. Dhe pastaj e vuri mes buz\u00ebve t\u00eb mia.<\/p>\n<p>Gjith\u00e7ka q\u00eb ndodhi m\u00eb pas nuk kuptoja p\u00ebrse duhej t\u00eb ndodhte sepse mua nuk m\u00eb p\u00eblqente dhe nuk i doja ato p\u00ebrqafime. Un\u00eb doja nj\u00eb puthje n\u00eb ball\u00eb nga babi im. Doja edhe t\u00eb m\u00eb thonte se m\u00eb donte shum\u00eb. Sa her\u00eb m\u00eb jepte p\u00ebrqafimet q\u00eb nuk doja me thonte se m\u00eb donte shum\u00eb. Por un\u00eb nuk dija ndonj\u00ebher\u00eb kujt t\u2019i besoja. Babit tim apo k\u00ebtij babi q\u00eb nuk m\u00eb b\u00ebnte t\u00eb ndihesha mir\u00eb. Por me siguri q\u00eb un\u00eb isha e gabuar sepse babi nuk po m\u00eb rrihte, as po m\u00eb d\u00ebnonte dhe as m\u00eb b\u00ebnte p\u00ebr t\u00eb qar\u00eb. Prandaj dhe un\u00eb mbaja lot\u00ebt.<\/p>\n<p>Edhe sonte, isha m\u00ebsuar. Por nj\u00eb moment mendja ime tallej me mua dhe ajo m\u00eb \u00e7oi bashk\u00eb me babin n\u00eb nj\u00eb fush\u00eb t\u00eb madhe t\u00eb bukur me lulediej dhe babi i k\u00ebpuste ato p\u00ebr mua. N\u00eb m\u00ebndjen time, babi m\u00eb k\u00ebrkonte t\u00eb shihja p\u00ebrher\u00eb nga dielli sepse dielli, si lulediejt, do m\u00eb \u00e7elte e sh\u00ebronte \u00e7do plag\u00eb q\u00eb babi tjet\u00ebr m\u00eb kishte hapur.<\/p>\n<p>Por me siguri padashje, sepse babi im m\u00eb do shum\u00eb\u201d.<\/p>\n<blockquote class=\"instagram-media\" style=\"background: #FFF; border: 0; border-radius: 3px; box-shadow: 0 0 1px 0 rgba(0,0,0,0.5),0 1px 10px 0 rgba(0,0,0,0.15); margin: 1px; max-width: 540px; min-width: 326px; padding: 0; width: calc(100% - 2px);\" data-instgrm-captioned=\"\" data-instgrm-permalink=\"https:\/\/www.instagram.com\/p\/DLkJA2Gou7I\/?utm_source=ig_embed&amp;utm_campaign=loading\" data-instgrm-version=\"14\">\n<div style=\"padding: 16px;\">\n<p>&nbsp;<\/p>\n<div style=\"display: flex; flex-direction: row; align-items: center;\">\n<div style=\"background-color: #f4f4f4; border-radius: 50%; flex-grow: 0; height: 40px; margin-right: 14px; width: 40px;\"><\/div>\n<div style=\"display: flex; flex-direction: column; flex-grow: 1; justify-content: center;\">\n<div style=\"background-color: #f4f4f4; border-radius: 4px; flex-grow: 0; height: 14px; margin-bottom: 6px; width: 100px;\"><\/div>\n<div style=\"background-color: #f4f4f4; border-radius: 4px; flex-grow: 0; height: 14px; width: 60px;\"><\/div>\n<\/div>\n<\/div>\n<div style=\"padding: 19% 0;\"><\/div>\n<div style=\"display: block; height: 50px; margin: 0 auto 12px; width: 50px;\"><\/div>\n<div style=\"padding-top: 8px;\">\n<div style=\"color: #3897f0; font-family: Arial,sans-serif; font-size: 14px; font-style: normal; font-weight: 550; line-height: 18px;\">View this post on Instagram<\/div>\n<\/div>\n<div style=\"padding: 12.5% 0;\"><\/div>\n<div style=\"display: flex; flex-direction: row; margin-bottom: 14px; align-items: center;\">\n<div>\n<div style=\"background-color: #f4f4f4; border-radius: 50%; height: 12.5px; width: 12.5px; transform: translateX(0px) translateY(7px);\"><\/div>\n<div style=\"background-color: #f4f4f4; height: 12.5px; transform: rotate(-45deg) translateX(3px) translateY(1px); width: 12.5px; flex-grow: 0; margin-right: 14px; margin-left: 2px;\"><\/div>\n<div style=\"background-color: #f4f4f4; border-radius: 50%; height: 12.5px; width: 12.5px; transform: translateX(9px) translateY(-18px);\"><\/div>\n<\/div>\n<div style=\"margin-left: 8px;\">\n<div style=\"background-color: #f4f4f4; border-radius: 50%; flex-grow: 0; height: 20px; width: 20px;\"><\/div>\n<div style=\"width: 0; height: 0; border-top: 2px solid transparent; border-left: 6px solid #f4f4f4; border-bottom: 2px solid transparent; transform: translateX(16px) translateY(-4px) rotate(30deg);\"><\/div>\n<\/div>\n<div style=\"margin-left: auto;\">\n<div style=\"width: 0px; border-top: 8px solid #F4F4F4; border-right: 8px solid transparent; transform: translateY(16px);\"><\/div>\n<div style=\"background-color: #f4f4f4; flex-grow: 0; height: 12px; width: 16px; transform: translateY(-4px);\"><\/div>\n<div style=\"width: 0; height: 0; border-top: 8px solid #F4F4F4; border-left: 8px solid transparent; transform: translateY(-4px) translateX(8px);\"><\/div>\n<\/div>\n<\/div>\n<div style=\"display: flex; flex-direction: column; flex-grow: 1; justify-content: center; margin-bottom: 24px;\">\n<div style=\"background-color: #f4f4f4; border-radius: 4px; flex-grow: 0; height: 14px; margin-bottom: 6px; width: 224px;\"><\/div>\n<div style=\"background-color: #f4f4f4; border-radius: 4px; flex-grow: 0; height: 14px; width: 144px;\"><\/div>\n<\/div>\n<p>&nbsp;<\/p>\n<p style=\"color: #c9c8cd; font-family: Arial,sans-serif; font-size: 14px; line-height: 17px; margin-bottom: 0; margin-top: 8px; overflow: hidden; padding: 8px 0 7px; text-align: center; text-overflow: ellipsis; white-space: nowrap;\"><a style=\"color: #c9c8cd; font-family: Arial,sans-serif; font-size: 14px; font-style: normal; font-weight: normal; line-height: 17px; text-decoration: none;\" href=\"https:\/\/www.instagram.com\/p\/DLkJA2Gou7I\/?utm_source=ig_embed&amp;utm_campaign=loading\" target=\"_blank\" rel=\"noopener\">A post shared by Neda Balluku (@nedaballuku)<\/a><\/p>\n<\/div>\n<\/blockquote>\n<p><script async src=\"\/\/www.instagram.com\/embed.js\"><\/script><\/p>\n<div id=\"blogs-1775695474\" class=\"blogs-after-content blogs-entity-placement\"><div id=\"div-gpt-ad-1770230601260-0\" style=\"width:300px; height:600px;\"><\/div><\/div><div id=\"blogs-1940156550\" class=\"blogs-adsense-after-kontent blogs-entity-placement\"><script async src=\"https:\/\/pagead2.googlesyndication.com\/pagead\/js\/adsbygoogle.js\"\r\n     crossorigin=\"anonymous\"><\/script>\r\n<!-- Tiranaread -->\r\n<ins class=\"adsbygoogle\"\r\n     style=\"display:inline-block;width:728px;height:90px\"\r\n     data-ad-client=\"ca-pub-2355142065052501\"\r\n\t data-page-url=\"https:\/\/blogseyir.com\"\r\n     data-ad-slot=\"7464751963\"><\/ins>\r\n<script>\r\n     (adsbygoogle = window.adsbygoogle || []).push({});\r\n<\/script><\/div>","protected":false},"excerpt":{"rendered":"<p>Nga Neda Balluku \u201cBabi hapi der\u00ebn dhe hyri n\u00eb dhom\u00eb shum\u00eb ngadal\u00eb, por un\u00eb u zgjova. E pash\u00eb hijen e tij t\u00eb l\u00ebvizte n\u00ebp\u00ebr dhom\u00eb dhe u g\u00ebzova nga mendimi se mos mbase erdhi p\u00ebr t\u00eb m\u00eb puthur ballin, sepse nuk m\u00eb puthi para se t\u00eb flija. E thirra \u201cba\u201d me z\u00eb t\u00eb ul\u00ebt sepse [&hellip;]<\/p>\n","protected":false},"author":1,"featured_media":25591,"comment_status":"open","ping_status":"closed","sticky":false,"template":"","format":"standard","meta":{"footnotes":""},"categories":[33],"tags":[468],"class_list":["post-25589","post","type-post","status-publish","format-standard","has-post-thumbnail","hentry","category-showbizi","tag-neda-balluku"],"_links":{"self":[{"href":"https:\/\/blogseyir.com\/wp\/wp-json\/wp\/v2\/posts\/25589","targetHints":{"allow":["GET"]}}],"collection":[{"href":"https:\/\/blogseyir.com\/wp\/wp-json\/wp\/v2\/posts"}],"about":[{"href":"https:\/\/blogseyir.com\/wp\/wp-json\/wp\/v2\/types\/post"}],"author":[{"embeddable":true,"href":"https:\/\/blogseyir.com\/wp\/wp-json\/wp\/v2\/users\/1"}],"replies":[{"embeddable":true,"href":"https:\/\/blogseyir.com\/wp\/wp-json\/wp\/v2\/comments?post=25589"}],"version-history":[{"count":1,"href":"https:\/\/blogseyir.com\/wp\/wp-json\/wp\/v2\/posts\/25589\/revisions"}],"predecessor-version":[{"id":25590,"href":"https:\/\/blogseyir.com\/wp\/wp-json\/wp\/v2\/posts\/25589\/revisions\/25590"}],"wp:featuredmedia":[{"embeddable":true,"href":"https:\/\/blogseyir.com\/wp\/wp-json\/wp\/v2\/media\/25591"}],"wp:attachment":[{"href":"https:\/\/blogseyir.com\/wp\/wp-json\/wp\/v2\/media?parent=25589"}],"wp:term":[{"taxonomy":"category","embeddable":true,"href":"https:\/\/blogseyir.com\/wp\/wp-json\/wp\/v2\/categories?post=25589"},{"taxonomy":"post_tag","embeddable":true,"href":"https:\/\/blogseyir.com\/wp\/wp-json\/wp\/v2\/tags?post=25589"}],"curies":[{"name":"wp","href":"https:\/\/api.w.org\/{rel}","templated":true}]}}