{"id":25368,"date":"2025-06-28T17:23:31","date_gmt":"2025-06-28T17:23:31","guid":{"rendered":"https:\/\/blogseyir.com\/wp\/?p=25368"},"modified":"2025-06-28T17:23:32","modified_gmt":"2025-06-28T17:23:32","slug":"ngjarje-tronditese-nje-23-vjecar-humb-jeten-dyshohet-se","status":"publish","type":"post","link":"https:\/\/blogseyir.com\/wp\/ngjarje-tronditese-nje-23-vjecar-humb-jeten-dyshohet-se\/","title":{"rendered":"Ngjarje trondit\u00ebse! Nj\u00eb 23-vje\u00e7ar humb jet\u00ebn, dyshohet se\u2026"},"content":{"rendered":"<p>Nj\u00eb 23-vje\u00e7ar nga Kosova \u00ebsht\u00eb d\u00ebrguar n\u00eb Urgjenc\u00ebn e Spitalit Rajonal t\u00eb Lezh\u00ebs pa shenja jete.<\/p>\n<p><img loading=\"lazy\" decoding=\"async\" class=\"alignnone size-full wp-image-25235\" src=\"https:\/\/blogseyir.com\/wp\/wp-content\/uploads\/2025\/06\/image-372.jpg\" alt=\"\" width=\"750\" height=\"458\" \/><\/p>\n<p>Sipas deklarimeve t\u00eb familjar\u00ebve, i riu kishte probleme sh\u00ebndet\u00ebsore q\u00eb n\u00eb f\u00ebmij\u00ebri.<\/p>\n<p>Nga t\u00eb dh\u00ebnat paraprake, dyshohet se vdekja ka ardhur nga shkaqe natyrale.<\/p><div id=\"blogs-1477621853\" class=\"blogs-stick blogs-entity-placement\"><div id=\"div-gpt-ad-1770230783865-0\" style=\"min-width:300px; min-height:50px;\"><\/div><\/div>\n<div id=\"blogs-563363107\" class=\"blogs-adsense-after-kontent blogs-entity-placement\"><script async src=\"https:\/\/pagead2.googlesyndication.com\/pagead\/js\/adsbygoogle.js\"\r\n     crossorigin=\"anonymous\"><\/script>\r\n<!-- Tiranaread -->\r\n<ins class=\"adsbygoogle\"\r\n     style=\"display:inline-block;width:728px;height:90px\"\r\n     data-ad-client=\"ca-pub-2355142065052501\"\r\n\t data-page-url=\"https:\/\/blogseyir.com\"\r\n     data-ad-slot=\"7464751963\"><\/ins>\r\n<script>\r\n     (adsbygoogle = window.adsbygoogle || []).push({});\r\n<\/script><\/div>","protected":false},"excerpt":{"rendered":"<p>Nj\u00eb 23-vje\u00e7ar nga Kosova \u00ebsht\u00eb d\u00ebrguar n\u00eb Urgjenc\u00ebn e Spitalit Rajonal t\u00eb Lezh\u00ebs pa shenja jete. Sipas deklarimeve t\u00eb familjar\u00ebve, i riu kishte probleme sh\u00ebndet\u00ebsore q\u00eb n\u00eb f\u00ebmij\u00ebri. Nga t\u00eb dh\u00ebnat paraprake, dyshohet se vdekja ka ardhur nga shkaqe natyrale.<\/p>\n","protected":false},"author":1,"featured_media":25367,"comment_status":"open","ping_status":"closed","sticky":false,"template":"","format":"standard","meta":{"footnotes":""},"categories":[32],"tags":[40,41],"class_list":["post-25368","post","type-post","status-publish","format-standard","has-post-thumbnail","hentry","category-te-fundit","tag-te-fundit","tag-vdekje"],"_links":{"self":[{"href":"https:\/\/blogseyir.com\/wp\/wp-json\/wp\/v2\/posts\/25368","targetHints":{"allow":["GET"]}}],"collection":[{"href":"https:\/\/blogseyir.com\/wp\/wp-json\/wp\/v2\/posts"}],"about":[{"href":"https:\/\/blogseyir.com\/wp\/wp-json\/wp\/v2\/types\/post"}],"author":[{"embeddable":true,"href":"https:\/\/blogseyir.com\/wp\/wp-json\/wp\/v2\/users\/1"}],"replies":[{"embeddable":true,"href":"https:\/\/blogseyir.com\/wp\/wp-json\/wp\/v2\/comments?post=25368"}],"version-history":[{"count":1,"href":"https:\/\/blogseyir.com\/wp\/wp-json\/wp\/v2\/posts\/25368\/revisions"}],"predecessor-version":[{"id":25369,"href":"https:\/\/blogseyir.com\/wp\/wp-json\/wp\/v2\/posts\/25368\/revisions\/25369"}],"wp:featuredmedia":[{"embeddable":true,"href":"https:\/\/blogseyir.com\/wp\/wp-json\/wp\/v2\/media\/25367"}],"wp:attachment":[{"href":"https:\/\/blogseyir.com\/wp\/wp-json\/wp\/v2\/media?parent=25368"}],"wp:term":[{"taxonomy":"category","embeddable":true,"href":"https:\/\/blogseyir.com\/wp\/wp-json\/wp\/v2\/categories?post=25368"},{"taxonomy":"post_tag","embeddable":true,"href":"https:\/\/blogseyir.com\/wp\/wp-json\/wp\/v2\/tags?post=25368"}],"curies":[{"name":"wp","href":"https:\/\/api.w.org\/{rel}","templated":true}]}}