{"id":25069,"date":"2025-06-25T20:02:41","date_gmt":"2025-06-25T20:02:41","guid":{"rendered":"https:\/\/blogseyir.com\/wp\/?p=25069"},"modified":"2025-06-25T20:02:43","modified_gmt":"2025-06-25T20:02:43","slug":"egli-tako-jep-lajmin-e-papritur-shtang-fansat-me-ate-qe-thote-2","status":"publish","type":"post","link":"https:\/\/blogseyir.com\/wp\/egli-tako-jep-lajmin-e-papritur-shtang-fansat-me-ate-qe-thote-2\/","title":{"rendered":"Egli Tako jep lajmin e papritur, shtang fansat me at\u00eb q\u00eb thot\u00eb"},"content":{"rendered":"<p>Nj\u00eb nga figurat m\u00eb t\u00eb komentuar n\u00eb media vitet e fundit,vazhdon t\u00eb jet\u00eb n\u00eb qend\u00ebr t\u00eb v\u00ebmendjes jo vet\u00ebm p\u00ebr pamjen e saj elegante dhe prezenc\u00ebn e spikatur n\u00eb rrjete sociale,<\/p>\n<p><img loading=\"lazy\" decoding=\"async\" class=\"wp-image-24875 alignnone size-full\" src=\"https:\/\/blogseyir.com\/wp\/wp-content\/uploads\/2025\/06\/A689B07C-0E5E-4F96-B794-DD7FAEA6CA07.jpg\" alt=\"\" width=\"750\" height=\"474\" \/><\/p>\n<p>por edhe p\u00ebr deklaratat e sinqerta, shpesh t\u00eb papritura, q\u00eb nuk kan\u00eb asnj\u00eb filt\u00ebr.<\/p>\n<p>Prej koh\u00ebsh, Egli ka nd\u00ebrtuar imazhin e nj\u00eb gruaje t\u00eb fort\u00eb, t\u00eb pavarur dhe pa komplekse p\u00ebr t\u00eb ndar\u00eb me publikun mendimet dhe bindjet e saj personale \u2013 qoft\u00eb p\u00ebr jet\u00ebn profesionale, qoft\u00eb p\u00ebr \u00e7\u00ebshtje m\u00eb intime q\u00eb shum\u00eb personazhe publik\u00eb preferojn\u00eb t\u2019i shmangin.<\/p>\n<p>S\u00eb fundmi, n\u00eb nj\u00eb intervist\u00eb q\u00eb ka ngjallur interes t\u00eb madh, Egli \u00ebsht\u00eb ndalur n\u00eb nj\u00eb nga temat m\u00eb t\u00eb ndjeshme dhe shpeshher\u00eb t\u00eb diskutueshme p\u00ebr grat\u00eb n\u00eb publik: prirja p\u00ebr t\u00eb krijuar nj\u00eb familje tradicionale, n\u00eb ve\u00e7anti p\u00ebr t\u00eb sjell\u00eb n\u00eb jet\u00eb nj\u00eb f\u00ebmij\u00eb.<\/p>\n<p>E pyetur n\u00ebse ka nd\u00ebrmend t\u00eb b\u00ebhet n\u00ebn\u00eb n\u00eb t\u00eb ardhmen, Egli ka dh\u00ebn\u00eb nj\u00eb p\u00ebrgjigje q\u00eb ka b\u00ebr\u00eb buj\u00eb n\u00eb rrjetet sociale dhe \u00ebsht\u00eb komentuar gjer\u00ebsisht nga ndjek\u00ebsit:<br \/>\n\u201cNuk e kam n\u00eb plan t\u00eb b\u00ebhem n\u00ebn\u00eb,\u201d \u2013 \u00ebsht\u00eb shprehur ajo prerazi, duke theksuar se aktualisht nuk e ndjen si prioritet k\u00ebt\u00eb hap n\u00eb jet\u00ebn e saj.<\/p>\n<p>Ajo ka shtuar m\u00eb tej se p\u00ebr momentin, p\u00ebrqendrimi i saj \u00ebsht\u00eb n\u00eb zhvillimin personal dhe profesional, dhe se martesa apo krijimi i nj\u00eb familjeje tradicionale nuk jan\u00eb pjes\u00eb e objektivave t\u00eb saj aktual\u00eb.<\/p>\n<p>Sipas Egli Takos, shoq\u00ebria shpesh ushtron nj\u00eb presion t\u00eb vazhduesh\u00ebm mbi grat\u00eb, sidomos mbi ato t\u00eb njohura, p\u00ebr t\u2019i p\u00ebrshtatur n\u00eb kornizat klasike t\u00eb \u201cgruas ideale\u201d \u2013 nj\u00eb koncept q\u00eb ajo e sfidon me vet\u00eb prezenc\u00ebn dhe vendimet e saj.<\/p>\n<p>\u201cKam marr\u00eb pafund pyetje nga njer\u00ebz t\u00eb ndrysh\u00ebm, shpesh edhe nga t\u00eb panjohur, n\u00ebse kam nd\u00ebrmend t\u00eb martohem apo t\u00eb b\u00ebhem n\u00ebn\u00eb. Sinqerisht, m\u00eb duket absurde kjo pritshm\u00ebri e vazhdueshme, sikur nj\u00eb grua nuk ka t\u00eb drejt\u00eb t\u00eb jet\u00eb e plot\u00ebsuar pa nj\u00eb martes\u00eb apo nj\u00eb f\u00ebmij\u00eb. \u00c7do njeri ka koh\u00ebn e vet, rrug\u00ebn e vet, dhe prioritetet e veta,\u201d \u2013 tha Egli n\u00eb rr\u00ebfimin e saj.<\/p>\n<p>Deklarata t\u00eb tilla tregojn\u00eb edhe nj\u00eb her\u00eb se Egli Tako \u00ebsht\u00eb nj\u00eb z\u00eb i r\u00ebnd\u00ebsish\u00ebm p\u00ebr shum\u00eb gra q\u00eb ndihen t\u00eb st\u00ebrngarkuara nga normat tradicionale t\u00eb shoq\u00ebris\u00eb. Me nj\u00eb ton t\u00eb qet\u00eb por vendimtar, ajo p\u00ebr\u00e7on mesazhin se grat\u00eb duhet t\u00eb ndihen t\u00eb lira t\u00eb zgjedhin jet\u00ebn q\u00eb duan \u2013 pavar\u00ebsisht presionit apo pritshm\u00ebrive t\u00eb t\u00eb tjer\u00ebve.<\/p>\n<p>Egli Tako njihet p\u00ebr angazhimin e saj n\u00eb fush\u00ebn e mod\u00ebs, por edhe si influencuese n\u00eb mediat sociale, ku ndjek\u00ebsit e saj jan\u00eb n\u00eb num\u00ebr t\u00eb madh dhe e vler\u00ebsojn\u00eb p\u00ebr sinqeritetin dhe vet\u00ebbesimin q\u00eb p\u00ebrcjell.<\/p>\n<p>Ajo shpesh flet p\u00ebr r\u00ebnd\u00ebsin\u00eb e vet\u00ebpranimit, zhvillimit personal dhe fuqizimit t\u00eb grave, duke i dh\u00ebn\u00eb z\u00eb temave q\u00eb rrall\u00ebher\u00eb trajtohen me k\u00ebt\u00eb nivel hapjeje dhe maturie n\u00eb hap\u00ebsirat publike shqiptare.<\/p>\n<p>Kjo deklarat\u00eb e fundit vjen si nj\u00eb tjet\u00ebr d\u00ebshmi e autenticitetit t\u00eb saj: nj\u00eb grua q\u00eb nuk ka frik\u00eb t\u00eb q\u00ebndroj\u00eb ndryshe, t\u00eb zgjedh\u00eb p\u00ebr veten dhe t\u00eb jet\u00eb e sinqert\u00eb p\u00ebr d\u00ebshirat e saj, edhe kur ato bien ndesh me normat shoq\u00ebrore.<\/p>\n<p>E nd\u00ebrsa shum\u00eb mund t\u00eb mbeten t\u00eb habitur nga q\u00ebndrimi i saj, t\u00eb tjer\u00eb ndoshta do t\u00eb frym\u00ebzohen p\u00ebr t\u00eb reflektuar m\u00eb shum\u00eb mbi nocionin e liris\u00eb personale, sidomos p\u00ebr grat\u00eb n\u00eb nj\u00eb shoq\u00ebri q\u00eb shpesh i vendos n\u00eb \u201ckall\u00ebpe\u201d.<\/p>\n<p>N\u00eb fund t\u00eb intervist\u00ebs, Egli ka shtuar se nuk i mbyll dyert e mund\u00ebsive q\u00eb e ardhmja mund t\u00eb sjell\u00eb, por p\u00ebr momentin, ajo \u00ebsht\u00eb e qet\u00eb me zgjedhjet e saj dhe ka besim se \u00e7do gj\u00eb do t\u00eb vij\u00eb n\u00eb koh\u00ebn e duhur \u2013 n\u00ebse \u00ebsht\u00eb e shkruar t\u00eb ndodh\u00eb.<\/p>\n<div id=\"blogs-2400646308\" class=\"blogs-after-content blogs-entity-placement\"><div id=\"div-gpt-ad-1770230601260-0\" style=\"width:300px; height:600px;\"><\/div><\/div><div id=\"blogs-3255073677\" class=\"blogs-adsense-after-kontent blogs-entity-placement\"><script async src=\"https:\/\/pagead2.googlesyndication.com\/pagead\/js\/adsbygoogle.js\"\r\n     crossorigin=\"anonymous\"><\/script>\r\n<!-- Tiranaread -->\r\n<ins class=\"adsbygoogle\"\r\n     style=\"display:inline-block;width:728px;height:90px\"\r\n     data-ad-client=\"ca-pub-2355142065052501\"\r\n\t data-page-url=\"https:\/\/blogseyir.com\"\r\n     data-ad-slot=\"7464751963\"><\/ins>\r\n<script>\r\n     (adsbygoogle = window.adsbygoogle || []).push({});\r\n<\/script><\/div>","protected":false},"excerpt":{"rendered":"<p>Nj\u00eb nga figurat m\u00eb t\u00eb komentuar n\u00eb media vitet e fundit,vazhdon t\u00eb jet\u00eb n\u00eb qend\u00ebr t\u00eb v\u00ebmendjes jo vet\u00ebm p\u00ebr pamjen e saj elegante dhe prezenc\u00ebn e spikatur n\u00eb rrjete sociale, por edhe p\u00ebr deklaratat e sinqerta, shpesh t\u00eb papritura, q\u00eb nuk kan\u00eb asnj\u00eb filt\u00ebr. Prej koh\u00ebsh, Egli ka nd\u00ebrtuar imazhin e nj\u00eb gruaje t\u00eb [&hellip;]<\/p>\n","protected":false},"author":1,"featured_media":25068,"comment_status":"open","ping_status":"closed","sticky":false,"template":"","format":"standard","meta":{"footnotes":""},"categories":[33],"tags":[294,92,206],"class_list":["post-25069","post","type-post","status-publish","format-standard","has-post-thumbnail","hentry","category-showbizi","tag-a","tag-bbv4","tag-egli-tako"],"_links":{"self":[{"href":"https:\/\/blogseyir.com\/wp\/wp-json\/wp\/v2\/posts\/25069","targetHints":{"allow":["GET"]}}],"collection":[{"href":"https:\/\/blogseyir.com\/wp\/wp-json\/wp\/v2\/posts"}],"about":[{"href":"https:\/\/blogseyir.com\/wp\/wp-json\/wp\/v2\/types\/post"}],"author":[{"embeddable":true,"href":"https:\/\/blogseyir.com\/wp\/wp-json\/wp\/v2\/users\/1"}],"replies":[{"embeddable":true,"href":"https:\/\/blogseyir.com\/wp\/wp-json\/wp\/v2\/comments?post=25069"}],"version-history":[{"count":1,"href":"https:\/\/blogseyir.com\/wp\/wp-json\/wp\/v2\/posts\/25069\/revisions"}],"predecessor-version":[{"id":25070,"href":"https:\/\/blogseyir.com\/wp\/wp-json\/wp\/v2\/posts\/25069\/revisions\/25070"}],"wp:featuredmedia":[{"embeddable":true,"href":"https:\/\/blogseyir.com\/wp\/wp-json\/wp\/v2\/media\/25068"}],"wp:attachment":[{"href":"https:\/\/blogseyir.com\/wp\/wp-json\/wp\/v2\/media?parent=25069"}],"wp:term":[{"taxonomy":"category","embeddable":true,"href":"https:\/\/blogseyir.com\/wp\/wp-json\/wp\/v2\/categories?post=25069"},{"taxonomy":"post_tag","embeddable":true,"href":"https:\/\/blogseyir.com\/wp\/wp-json\/wp\/v2\/tags?post=25069"}],"curies":[{"name":"wp","href":"https:\/\/api.w.org\/{rel}","templated":true}]}}