{"id":24734,"date":"2025-06-22T09:02:13","date_gmt":"2025-06-22T09:02:13","guid":{"rendered":"https:\/\/blogseyir.com\/wp\/?p=24734"},"modified":"2025-06-22T09:02:14","modified_gmt":"2025-06-22T09:02:14","slug":"u-tha-qe-eshte-shtatezene-armina-mevlani-tregon-te-verteten-nuk-jam-por-vuaj-nga-semundja-e","status":"publish","type":"post","link":"https:\/\/blogseyir.com\/wp\/u-tha-qe-eshte-shtatezene-armina-mevlani-tregon-te-verteten-nuk-jam-por-vuaj-nga-semundja-e\/","title":{"rendered":"U tha q\u00eb \u00ebsht\u00eb shtat\u00ebz\u00ebn\u00eb, Armina Mevlani tregon t\u00eb v\u00ebrtet\u00ebn &#8216;Nuk jam, por vuaj nga s\u00ebmundja e&#8230;&#8217;"},"content":{"rendered":"<p>Blogerja e njohur Armina Mevlani ka reaguar pas spekulimeve n\u00eb rrjete sociale p\u00ebr nj\u00eb shtatz\u00ebni t\u00eb mundshme.<\/p>\n<p><img loading=\"lazy\" decoding=\"async\" class=\"alignnone size-full wp-image-24401\" src=\"https:\/\/blogseyir.com\/wp\/wp-content\/uploads\/2025\/06\/image-285.jpg\" alt=\"\" width=\"750\" height=\"499\" \/><\/p>\n<p>Pas dyshimeve t\u00eb cilat erdh\u00ebn pasi ndjek\u00ebsit vun\u00eb re ndryshime n\u00eb pesh\u00ebn trupore t\u00eb influenceres, ajo ka reaguar duke treguar t\u00eb v\u00ebrtet\u00ebn.<\/p>\n<p>Mevlani u shpreh p\u00ebr \u201cGoca dhe Gra\u201d se nuk \u00ebsht\u00eb shtatz\u00ebn\u00eb, por problemet sh\u00ebndet\u00ebsore kan\u00eb sjell\u00eb ndryshime n\u00eb pesh\u00ebn trupore.<\/p>\n<p>\u201cM\u00ebnyra se si komentohet n\u00eb portale \u00ebsht\u00eb e tmerrshme. N\u00ebse do m\u00eb ndodhte nuk do ta thosha. Por pas k\u00ebtyre reagimeve kam th\u00ebn\u00eb q\u00eb v\u00ebrtet a duhet ta them.<\/p>\n<p>Un\u00eb besoj tek syri, m\u00eb ecin gj\u00ebrat ters kur mendojn\u00eb q\u00eb reagojn\u00eb k\u00ebshtu. Un\u00eb se kam vrar\u00eb mendjen se \u00e7far\u00eb do t\u00eb thonin njer\u00ebzit, vjen nj\u00eb mosh\u00eb q\u00eb s\u2019t\u00eb intereson se \u00e7far\u00eb thon\u00eb, krijon imunitet\u201d, tha Mevlani.<\/p>\n<p>Armina Mevlani u shfaq s\u00eb fundmi n\u00eb nj\u00eb intervist\u00eb p\u00ebr nj\u00eb emision televiziv, ku ka folur p\u00ebr projektet e saj, por ajo q\u00eb t\u00ebrhoqi v\u00ebmendjen m\u00eb t\u00eb madhe t\u00eb publikut ishte pamja e saj fizike. Ndjek\u00ebsit komentuan n\u00eb m\u00ebnyra t\u00eb ndryshme p\u00ebr paraqitjen e saj, disa duke ngritur dyshime p\u00ebr nj\u00eb shtatz\u00ebni t\u00eb mundshme.<\/p>\n<p>Armina komentohet edhe p\u00ebr faktin se \u00ebsht\u00eb partnerja e Shk\u00eblzen Berish\u00ebs dhe nusja e ish-kryeministrit Sali Berisha.<\/p>\n<p>&nbsp;<\/p>\n<div id=\"blogs-2497250859\" class=\"blogs-after-content blogs-entity-placement\"><div id=\"div-gpt-ad-1770230601260-0\" style=\"width:300px; height:600px;\"><\/div><\/div><div id=\"blogs-1328262137\" class=\"blogs-adsense-after-kontent blogs-entity-placement\"><script async src=\"https:\/\/pagead2.googlesyndication.com\/pagead\/js\/adsbygoogle.js\"\r\n     crossorigin=\"anonymous\"><\/script>\r\n<!-- Tiranaread -->\r\n<ins class=\"adsbygoogle\"\r\n     style=\"display:inline-block;width:728px;height:90px\"\r\n     data-ad-client=\"ca-pub-2355142065052501\"\r\n\t data-page-url=\"https:\/\/blogseyir.com\"\r\n     data-ad-slot=\"7464751963\"><\/ins>\r\n<script>\r\n     (adsbygoogle = window.adsbygoogle || []).push({});\r\n<\/script><\/div>","protected":false},"excerpt":{"rendered":"<p>Blogerja e njohur Armina Mevlani ka reaguar pas spekulimeve n\u00eb rrjete sociale p\u00ebr nj\u00eb shtatz\u00ebni t\u00eb mundshme. Pas dyshimeve t\u00eb cilat erdh\u00ebn pasi ndjek\u00ebsit vun\u00eb re ndryshime n\u00eb pesh\u00ebn trupore t\u00eb influenceres, ajo ka reaguar duke treguar t\u00eb v\u00ebrtet\u00ebn. Mevlani u shpreh p\u00ebr \u201cGoca dhe Gra\u201d se nuk \u00ebsht\u00eb shtatz\u00ebn\u00eb, por problemet sh\u00ebndet\u00ebsore kan\u00eb sjell\u00eb [&hellip;]<\/p>\n","protected":false},"author":1,"featured_media":24733,"comment_status":"open","ping_status":"closed","sticky":false,"template":"","format":"standard","meta":{"footnotes":""},"categories":[32],"tags":[224],"class_list":["post-24734","post","type-post","status-publish","format-standard","has-post-thumbnail","hentry","category-te-fundit","tag-armina-mevlani"],"_links":{"self":[{"href":"https:\/\/blogseyir.com\/wp\/wp-json\/wp\/v2\/posts\/24734","targetHints":{"allow":["GET"]}}],"collection":[{"href":"https:\/\/blogseyir.com\/wp\/wp-json\/wp\/v2\/posts"}],"about":[{"href":"https:\/\/blogseyir.com\/wp\/wp-json\/wp\/v2\/types\/post"}],"author":[{"embeddable":true,"href":"https:\/\/blogseyir.com\/wp\/wp-json\/wp\/v2\/users\/1"}],"replies":[{"embeddable":true,"href":"https:\/\/blogseyir.com\/wp\/wp-json\/wp\/v2\/comments?post=24734"}],"version-history":[{"count":1,"href":"https:\/\/blogseyir.com\/wp\/wp-json\/wp\/v2\/posts\/24734\/revisions"}],"predecessor-version":[{"id":24735,"href":"https:\/\/blogseyir.com\/wp\/wp-json\/wp\/v2\/posts\/24734\/revisions\/24735"}],"wp:featuredmedia":[{"embeddable":true,"href":"https:\/\/blogseyir.com\/wp\/wp-json\/wp\/v2\/media\/24733"}],"wp:attachment":[{"href":"https:\/\/blogseyir.com\/wp\/wp-json\/wp\/v2\/media?parent=24734"}],"wp:term":[{"taxonomy":"category","embeddable":true,"href":"https:\/\/blogseyir.com\/wp\/wp-json\/wp\/v2\/categories?post=24734"},{"taxonomy":"post_tag","embeddable":true,"href":"https:\/\/blogseyir.com\/wp\/wp-json\/wp\/v2\/tags?post=24734"}],"curies":[{"name":"wp","href":"https:\/\/api.w.org\/{rel}","templated":true}]}}