{"id":24714,"date":"2025-06-21T20:03:13","date_gmt":"2025-06-21T20:03:13","guid":{"rendered":"https:\/\/blogseyir.com\/wp\/?p=24714"},"modified":"2025-06-21T20:03:14","modified_gmt":"2025-06-21T20:03:14","slug":"nuk-e-fitoje-dot-ferma-vip-por-gjeti-dashurine-erandi-konfirmon-romancen-me-ish-fermeren-video","status":"publish","type":"post","link":"https:\/\/blogseyir.com\/wp\/nuk-e-fitoje-dot-ferma-vip-por-gjeti-dashurine-erandi-konfirmon-romancen-me-ish-fermeren-video\/","title":{"rendered":"Nuk e fitoj\u00eb dot Ferma Vip, por gjeti dashurin\u00eb! Erandi konfirmon romanc\u00ebn me ish-fermeren (Video)"},"content":{"rendered":"<p>Aktori Erand Sojli, nj\u00eb nga emrat m\u00eb t\u00eb komentuar t\u00eb k\u00ebtij edicioni t\u00eb \u201cFerma VIP\u201d,<\/p>\n<p><img loading=\"lazy\" decoding=\"async\" class=\"alignnone size-full wp-image-24371\" src=\"https:\/\/blogseyir.com\/wp\/wp-content\/uploads\/2025\/06\/image-283.jpg\" alt=\"\" width=\"750\" height=\"468\" \/><\/p>\n<p>ishte sot i ftuar n\u00eb studion e \u201cFerma Club\u201d, ku foli p\u00ebr eksperienc\u00ebn n\u00eb reality show dhe raportet me ish-konkurrent\u00ebt.<\/p>\n<p>Por ajo q\u00eb b\u00ebri m\u00eb shum\u00eb zhurm\u00eb n\u00eb studio ishte nj\u00eb deklarat\u00eb e papritur p\u00ebr jet\u00ebn e tij personale.<\/p>\n<p>Gjat\u00eb bised\u00ebs me moderatoren Ditea, Erandi la t\u00eb kuptohej se ndjenjat p\u00ebr Elinar\u00ebn \u2013 nj\u00eb nga banoret m\u00eb t\u00eb spikatura t\u00eb ferm\u00ebs \u2013 jan\u00eb t\u00eb v\u00ebrteta.<\/p>\n<p>I pyetur drejtp\u00ebrdrejt n\u00ebse \u00ebsht\u00eb i dashuruar, aktori shmangu nj\u00eb \u201cpo\u201d t\u00eb qart\u00eb, por nuk e mohoi, duke e shoq\u00ebruar m\u00eb pas momentin me nj\u00eb puthje t\u00eb leht\u00eb n\u00eb faqe p\u00ebr Elinar\u00ebn q\u00eb ndodhej pran\u00eb tij.<\/p>\n<p>\u00c7ifti ishte komentuar gjat\u00eb edhe brenda spektaklit p\u00ebr afrimitetin q\u00eb kishin, por asnj\u00ebher\u00eb nuk u deklaruan hapur.<\/p>\n<p>Tani q\u00eb formati ka p\u00ebrfunduar, Erandi u shpreh se p\u00ebr t\u00eb, nj\u00eb lidhje e v\u00ebrtet\u00eb nuk ka nevoj\u00eb t\u00eb b\u00ebhet publike.<\/p>\n<p>\u201cDashuria duhet t\u00eb shijohet vet\u00ebm. Ku ka dashuri, nuk duhet t\u00eb b\u00ebhet nj\u00eb pazar sepse ajo q\u00eb e ha e para \u00ebsht\u00eb dashuria\u201d tha ai, duke l\u00ebn\u00eb t\u00eb kuptohet se romanca me Elinar\u00ebn mund t\u00eb ekzistoj\u00eb, por do t\u00eb mbetet larg syrit t\u00eb publikut.<\/p>\n<div style=\"width: 100%; height: 0px; position: relative; padding-bottom: 177.778%;\"><iframe loading=\"lazy\" style=\"width: 100%; height: 100%; position: absolute;\" src=\"https:\/\/streamable.com\/e\/8uases?quality=highest\" width=\"100%\" height=\"100%\" frameborder=\"0\" allowfullscreen=\"allowfullscreen\"><\/iframe><\/div>\n<div id=\"blogs-3081402919\" class=\"blogs-after-content blogs-entity-placement\"><div id=\"div-gpt-ad-1770230601260-0\" style=\"width:300px; height:600px;\"><\/div><\/div><div id=\"blogs-3379792525\" class=\"blogs-adsense-after-kontent blogs-entity-placement\"><script async src=\"https:\/\/pagead2.googlesyndication.com\/pagead\/js\/adsbygoogle.js\"\r\n     crossorigin=\"anonymous\"><\/script>\r\n<!-- Tiranaread -->\r\n<ins class=\"adsbygoogle\"\r\n     style=\"display:inline-block;width:728px;height:90px\"\r\n     data-ad-client=\"ca-pub-2355142065052501\"\r\n\t data-page-url=\"https:\/\/blogseyir.com\"\r\n     data-ad-slot=\"7464751963\"><\/ins>\r\n<script>\r\n     (adsbygoogle = window.adsbygoogle || []).push({});\r\n<\/script><\/div>","protected":false},"excerpt":{"rendered":"<p>Aktori Erand Sojli, nj\u00eb nga emrat m\u00eb t\u00eb komentuar t\u00eb k\u00ebtij edicioni t\u00eb \u201cFerma VIP\u201d, ishte sot i ftuar n\u00eb studion e \u201cFerma Club\u201d, ku foli p\u00ebr eksperienc\u00ebn n\u00eb reality show dhe raportet me ish-konkurrent\u00ebt. Por ajo q\u00eb b\u00ebri m\u00eb shum\u00eb zhurm\u00eb n\u00eb studio ishte nj\u00eb deklarat\u00eb e papritur p\u00ebr jet\u00ebn e tij personale. Gjat\u00eb [&hellip;]<\/p>\n","protected":false},"author":1,"featured_media":24713,"comment_status":"open","ping_status":"closed","sticky":false,"template":"","format":"standard","meta":{"footnotes":""},"categories":[32],"tags":[1146,637],"class_list":["post-24714","post","type-post","status-publish","format-standard","has-post-thumbnail","hentry","category-te-fundit","tag-erand-sojli","tag-ferma-vip"],"_links":{"self":[{"href":"https:\/\/blogseyir.com\/wp\/wp-json\/wp\/v2\/posts\/24714","targetHints":{"allow":["GET"]}}],"collection":[{"href":"https:\/\/blogseyir.com\/wp\/wp-json\/wp\/v2\/posts"}],"about":[{"href":"https:\/\/blogseyir.com\/wp\/wp-json\/wp\/v2\/types\/post"}],"author":[{"embeddable":true,"href":"https:\/\/blogseyir.com\/wp\/wp-json\/wp\/v2\/users\/1"}],"replies":[{"embeddable":true,"href":"https:\/\/blogseyir.com\/wp\/wp-json\/wp\/v2\/comments?post=24714"}],"version-history":[{"count":1,"href":"https:\/\/blogseyir.com\/wp\/wp-json\/wp\/v2\/posts\/24714\/revisions"}],"predecessor-version":[{"id":24715,"href":"https:\/\/blogseyir.com\/wp\/wp-json\/wp\/v2\/posts\/24714\/revisions\/24715"}],"wp:featuredmedia":[{"embeddable":true,"href":"https:\/\/blogseyir.com\/wp\/wp-json\/wp\/v2\/media\/24713"}],"wp:attachment":[{"href":"https:\/\/blogseyir.com\/wp\/wp-json\/wp\/v2\/media?parent=24714"}],"wp:term":[{"taxonomy":"category","embeddable":true,"href":"https:\/\/blogseyir.com\/wp\/wp-json\/wp\/v2\/categories?post=24714"},{"taxonomy":"post_tag","embeddable":true,"href":"https:\/\/blogseyir.com\/wp\/wp-json\/wp\/v2\/tags?post=24714"}],"curies":[{"name":"wp","href":"https:\/\/api.w.org\/{rel}","templated":true}]}}