{"id":24688,"date":"2025-06-21T14:12:04","date_gmt":"2025-06-21T14:12:04","guid":{"rendered":"https:\/\/blogseyir.com\/wp\/?p=24688"},"modified":"2025-06-21T14:12:06","modified_gmt":"2025-06-21T14:12:06","slug":"lajmet-e-divorcit-me-vesen-nje-strategji-big-basta-dhe-andueli-perplasen-pas-finales-ke-perdorur-martesen","status":"publish","type":"post","link":"https:\/\/blogseyir.com\/wp\/lajmet-e-divorcit-me-vesen-nje-strategji-big-basta-dhe-andueli-perplasen-pas-finales-ke-perdorur-martesen\/","title":{"rendered":"Lajmet e divorcit me Ves\u00ebn nj\u00eb strategji? Big Basta dhe Andueli \u201cp\u00ebrplasen\u201d pas finales: Ke p\u00ebrdorur martes\u00ebn"},"content":{"rendered":"<p>Pas finales s\u00eb \u201cFerma VIP\u201d, fituesi Big Basta dhe ish-fermeriAndueli u p\u00ebrplas\u00ebn n\u00eb Ferma Club, mes akuzave p\u00ebr strategji dhe manipulim mediatik, n\u00eb lidhje me lajmet e shum\u00ebp\u00ebrfolura p\u00ebr nj\u00eb ndarje t\u00eb mundshme me k\u00ebng\u00ebtaren Vesa Luma.<\/p>\n<p><img loading=\"lazy\" decoding=\"async\" class=\"alignnone size-full wp-image-24344\" src=\"https:\/\/blogseyir.com\/wp\/wp-content\/uploads\/2025\/06\/3837ED69-F295-4F7E-9C5B-18E15FBD5B35.jpg\" alt=\"\" width=\"750\" height=\"426\" \/><br \/>\nBig Basta reagoi ndaj insinuatave se p\u00ebrfolja p\u00ebr nj\u00eb divorc t\u00eb mundsh\u00ebm ishte p\u00ebrdorur si strategji p\u00ebr t\u00eb fituar v\u00ebmendje:<\/p>\n<p>\u201cNj\u00eb hulumtim t\u00eb vog\u00ebl po t\u00eb kishe b\u00ebr\u00eb, do t\u00eb kuptoje q\u00eb nuk ishim ndar\u00eb.<\/p>\n<p>T\u00eb kishe par\u00eb kush m\u00eb sillte rrobat\u2026 Zgjodha momentin e duhur p\u00ebr t\u00eb demaskuar nj\u00eb lajm q\u00eb kishte dal\u00eb m\u00eb par\u00eb. Sepse un\u00eb jam vet\u00eb pjes\u00eb e medias.<\/p>\n<p>Ne kemi qen\u00eb nga \u00e7iftet m\u00eb t\u00eb k\u00ebrkuar q\u00eb nga viti 2011. Nuk kemi nevoj\u00eb t\u00eb shp\u00ebrndajm\u00eb lajme t\u00eb tilla vet\u00eb.<\/p>\n<p>N\u00eb \u2018Ferma VIP\u2019 hyra sepse jam artist, kam pasur oferta t\u00eb ndryshme, por zgjodha k\u00ebt\u00eb format sepse merr harmonin\u00eb.\u201d<\/p>\n<p>Nga ana tjet\u00ebr, Andueli hodhi dyshime mbi q\u00ebllimet e Big Bast\u00ebs dhe e akuzoi p\u00ebr viktimizim n\u00eb loj\u00eb:<\/p>\n<p>\u201cTi vjen nga nj\u00eb pauz\u00eb n\u00eb karrier\u00eb. E ke par\u00eb k\u00ebt\u00eb si nj\u00eb strategji p\u00ebr t\u2019u rikthyer n\u00eb v\u00ebmendje dhe p\u00ebr t\u00eb arritur q\u00ebllimin t\u00ebnd. Por sipas meje, fenomeni q\u00eb ke p\u00ebrdorur nuk \u00ebsht\u00eb i bukur, sepse nga kjo vuajn\u00eb shum\u00eb njer\u00ebz.\u201d<\/p>\n<p>Big Basta iu p\u00ebrgjigj:<\/p>\n<p>\u201cDisa gj\u00ebra nuk i kontrollojm\u00eb dot. Ne jemi familje VIP-ash. Edhe n\u00ebse nuk e p\u00ebrmend un\u00eb gruan dhe djalin, i p\u00ebrmendin t\u00eb tjer\u00ebt.\u201d<\/p>\n<p>Por Andueli nuk u t\u00ebrhoq:<\/p>\n<p>\u201cGjat\u00eb gjith\u00eb loj\u00ebs je viktimizuar. Ke nd\u00ebrtuar profilin e nj\u00eb njeriu t\u00eb thjesht\u00eb q\u00eb vuan, por p\u00ebr mua kjo ishte nj\u00eb loj\u00eb.\u201d<\/p>\n<p>P\u00ebrplasja mes t\u00eb dyve ndezi debat n\u00eb studio.\/vizionplus.tv<\/p>\n<div id=\"blogs-3800041974\" class=\"blogs-after-content blogs-entity-placement\"><div id=\"div-gpt-ad-1770230601260-0\" style=\"width:300px; height:600px;\"><\/div><\/div><div id=\"blogs-65369573\" class=\"blogs-adsense-after-kontent blogs-entity-placement\"><script async src=\"https:\/\/pagead2.googlesyndication.com\/pagead\/js\/adsbygoogle.js\"\r\n     crossorigin=\"anonymous\"><\/script>\r\n<!-- Tiranaread -->\r\n<ins class=\"adsbygoogle\"\r\n     style=\"display:inline-block;width:728px;height:90px\"\r\n     data-ad-client=\"ca-pub-2355142065052501\"\r\n\t data-page-url=\"https:\/\/blogseyir.com\"\r\n     data-ad-slot=\"7464751963\"><\/ins>\r\n<script>\r\n     (adsbygoogle = window.adsbygoogle || []).push({});\r\n<\/script><\/div>","protected":false},"excerpt":{"rendered":"<p>Pas finales s\u00eb \u201cFerma VIP\u201d, fituesi Big Basta dhe ish-fermeriAndueli u p\u00ebrplas\u00ebn n\u00eb Ferma Club, mes akuzave p\u00ebr strategji dhe manipulim mediatik, n\u00eb lidhje me lajmet e shum\u00ebp\u00ebrfolura p\u00ebr nj\u00eb ndarje t\u00eb mundshme me k\u00ebng\u00ebtaren Vesa Luma. Big Basta reagoi ndaj insinuatave se p\u00ebrfolja p\u00ebr nj\u00eb divorc t\u00eb mundsh\u00ebm ishte p\u00ebrdorur si strategji p\u00ebr t\u00eb [&hellip;]<\/p>\n","protected":false},"author":1,"featured_media":24687,"comment_status":"open","ping_status":"closed","sticky":false,"template":"","format":"standard","meta":{"footnotes":""},"categories":[33],"tags":[1143,804,762],"class_list":["post-24688","post","type-post","status-publish","format-standard","has-post-thumbnail","hentry","category-showbizi","tag-anduel-kovaci","tag-big-basta","tag-ferma-vip-2"],"_links":{"self":[{"href":"https:\/\/blogseyir.com\/wp\/wp-json\/wp\/v2\/posts\/24688","targetHints":{"allow":["GET"]}}],"collection":[{"href":"https:\/\/blogseyir.com\/wp\/wp-json\/wp\/v2\/posts"}],"about":[{"href":"https:\/\/blogseyir.com\/wp\/wp-json\/wp\/v2\/types\/post"}],"author":[{"embeddable":true,"href":"https:\/\/blogseyir.com\/wp\/wp-json\/wp\/v2\/users\/1"}],"replies":[{"embeddable":true,"href":"https:\/\/blogseyir.com\/wp\/wp-json\/wp\/v2\/comments?post=24688"}],"version-history":[{"count":1,"href":"https:\/\/blogseyir.com\/wp\/wp-json\/wp\/v2\/posts\/24688\/revisions"}],"predecessor-version":[{"id":24689,"href":"https:\/\/blogseyir.com\/wp\/wp-json\/wp\/v2\/posts\/24688\/revisions\/24689"}],"wp:featuredmedia":[{"embeddable":true,"href":"https:\/\/blogseyir.com\/wp\/wp-json\/wp\/v2\/media\/24687"}],"wp:attachment":[{"href":"https:\/\/blogseyir.com\/wp\/wp-json\/wp\/v2\/media?parent=24688"}],"wp:term":[{"taxonomy":"category","embeddable":true,"href":"https:\/\/blogseyir.com\/wp\/wp-json\/wp\/v2\/categories?post=24688"},{"taxonomy":"post_tag","embeddable":true,"href":"https:\/\/blogseyir.com\/wp\/wp-json\/wp\/v2\/tags?post=24688"}],"curies":[{"name":"wp","href":"https:\/\/api.w.org\/{rel}","templated":true}]}}