{"id":24439,"date":"2025-06-19T10:51:06","date_gmt":"2025-06-19T10:51:06","guid":{"rendered":"https:\/\/blogseyir.com\/wp\/?p=24439"},"modified":"2025-06-19T10:51:08","modified_gmt":"2025-06-19T10:51:08","slug":"sa-qenka-rritur-vajza-e-madhe-e-arjola-demirit-feston-ditelindjen-aktorja-perlot-me-dedikimin-e-ndjere","status":"publish","type":"post","link":"https:\/\/blogseyir.com\/wp\/sa-qenka-rritur-vajza-e-madhe-e-arjola-demirit-feston-ditelindjen-aktorja-perlot-me-dedikimin-e-ndjere\/","title":{"rendered":"Sa qenka rritur! Vajza e madhe e Arjola Demirit feston dit\u00eblindjen, aktorja p\u00ebrlot me dedikimin e ndjer\u00eb"},"content":{"rendered":"<p>Arjola Demiri, aktorja 40-vje\u00e7are nga Tropoja, nj\u00eb ish-miss mami e tre f\u00ebmij\u00ebve shpesh ka ndar\u00eb foto nga f\u00ebmij\u00ebt dhe momentet e bukura brenda familjes.<\/p>\n<p><img loading=\"lazy\" decoding=\"async\" class=\"alignnone size-full wp-image-24094\" src=\"https:\/\/blogseyir.com\/wp\/wp-content\/uploads\/2025\/06\/image-248.jpg\" alt=\"\" width=\"750\" height=\"545\" \/><\/p>\n<p>Por nuk do ta besoni, sa \u00ebsht\u00eb rritur vajza e madhe e aktores. Hegla ka festuar dit\u00ebn e djeshme dit\u00eblindjen e 18 dhe nuk kishin si t\u00eb mungonin disa fjal\u00eb zemre nga mami Arjola.<\/p>\n<p>\u201cMir\u00ebnjohja m\u00eb e madhe q\u00eb kam me Zotin je pik\u00ebrisht Ti Helga. 18 vite m\u00eb par\u00eb m\u00eb bekove me dhurat\u00ebn m\u00eb t\u00eb shenjt\u00eb, emrin n\u00ebn\u00eb\u201d \u2013 k\u00ebshtu e nis urimin aktorja nd\u00ebrsa ka ndar\u00eb dhe fotografi nga festa me mikeshat e Hegl\u00ebs.<\/p>\n<p>Nj\u00eb vit m\u00eb par\u00eb, ish-miss tropoja n\u00eb nj\u00eb intervist\u00eb televizive u shpreh se nuk ka asnj\u00eb partner dhe pasi ajo ua ka dedikuar t\u00eb gjith\u00eb koh\u00ebn 3 f\u00ebmij\u00ebve t\u00eb saj.<\/p>\n<p>\u201cMir\u00ebnjohja m\u00eb e madhe q\u00eb kam me Zotin je pik\u00ebrisht Ti Helga. 18 vite m\u00eb par\u00eb m\u00eb bekove me dhurat\u00ebn m\u00eb t\u00eb shenjt\u00eb \u2014 emrin n\u00ebn\u00eb.<br \/>\n18 vite q\u00eb rritemi bashk\u00eb, dor\u00eb p\u00ebr dore, si shoqe t\u00eb pandara, si zemra q\u00eb rrahin n\u00eb nj\u00eb rit\u00ebm t\u00eb p\u00ebrbashk\u00ebt.<\/p>\n<p>N\u00eb \u00e7do hap t\u00ebndin kam par\u00eb drit\u00ebn e shpirtit t\u00ebnd t\u00eb bukur, forc\u00ebn e brendshme, but\u00ebsin\u00eb dhe men\u00e7urin\u00eb q\u00eb m\u00eb b\u00ebjn\u00eb t\u00eb ndjej nj\u00eb krenari q\u00eb nuk i p\u00ebrket k\u00ebsaj bote. Ti je dhurata ime m\u00eb e \u00e7muar, frym\u00ebzimi im i p\u00ebrditsh\u00ebm, d\u00ebshmia q\u00eb dashuria m\u00eb e madhe jeton n\u00eb zemr\u00ebn e nj\u00eb n\u00ebne p\u00ebr f\u00ebmij\u00ebn e saj.<\/p>\n<p>Tani hapet nj\u00eb kapitull i ri n\u00eb jet\u00ebn t\u00ebnde. \u00cbsht\u00eb kapitulli i \u00ebndrrave t\u00eb m\u00ebdha, i sfidave q\u00eb do t\u2019i p\u00ebrballosh me guximin dhe men\u00e7urin\u00eb q\u00eb ke nd\u00ebrtuar nd\u00ebr vite. \u00cbsht\u00eb koha jote p\u00ebr t\u00eb marr\u00eb krah\u00ebt dhe p\u00ebr t\u00eb fluturuar lart, duke ditur gjithmon\u00eb se rr\u00ebnj\u00ebt i ke t\u00eb forta dhe zemra ime do t\u00eb jet\u00eb gjithmon\u00eb streh\u00eb p\u00ebr ty.<\/p>\n<p><img loading=\"lazy\" decoding=\"async\" class=\"wp-image-24093 alignnone size-full\" src=\"https:\/\/blogseyir.com\/wp\/wp-content\/uploads\/2025\/06\/image-11-9.jpg\" alt=\"\" width=\"750\" height=\"541\" \/><\/p>\n<p>Udh\u00ebto me besim, dashuri dhe drit\u00eb, bija ime. Mos harro kurr\u00eb se gjith\u00e7ka q\u00eb je, \u00ebsht\u00eb mrekulli. Ti je fryt pasjoni dhe dashurie prandaj je e ve\u00e7ante.<br \/>\nDhe un\u00eb jam k\u00ebtu per te luftuar krah teje per enderrat dhe deshirat e tua , gjithmon\u00eb krenare, gjithmon\u00eb pran\u00eb, gjithmon\u00eb duke t\u00eb dashur me \u00e7do forc\u00eb qe kam , shum\u00eb m\u00eb shum\u00eb se \u00e7do fjal\u00eb q\u00eb mundem t\u00eb ta shpreh\u00eb.<\/p>\n<p>G\u00ebzuar 18-vjetorin Helga ime!<br \/>\nTi je dhe do t\u00eb mbetesh gjithmon\u00eb mrekullia ime e pare\u201d<\/p>\n<blockquote class=\"instagram-media\" style=\"background: #FFF; border: 0; border-radius: 3px; box-shadow: 0 0 1px 0 rgba(0,0,0,0.5),0 1px 10px 0 rgba(0,0,0,0.15); margin: 1px; max-width: 540px; min-width: 326px; padding: 0; width: calc(100% - 2px);\" data-instgrm-captioned=\"\" data-instgrm-permalink=\"https:\/\/www.instagram.com\/p\/DK-PZucI4IK\/?utm_source=ig_embed&amp;utm_campaign=loading\" data-instgrm-version=\"14\">\n<div style=\"padding: 16px;\">\n<p>&nbsp;<\/p>\n<div style=\"display: flex; flex-direction: row; align-items: center;\">\n<div style=\"background-color: #f4f4f4; border-radius: 50%; flex-grow: 0; height: 40px; margin-right: 14px; width: 40px;\"><\/div>\n<div style=\"display: flex; flex-direction: column; flex-grow: 1; justify-content: center;\">\n<div style=\"background-color: #f4f4f4; border-radius: 4px; flex-grow: 0; height: 14px; margin-bottom: 6px; width: 100px;\"><\/div>\n<div style=\"background-color: #f4f4f4; border-radius: 4px; flex-grow: 0; height: 14px; width: 60px;\"><\/div>\n<\/div>\n<\/div>\n<div style=\"padding: 19% 0;\"><\/div>\n<div style=\"display: block; height: 50px; margin: 0 auto 12px; width: 50px;\"><\/div>\n<div style=\"padding-top: 8px;\">\n<div style=\"color: #3897f0; font-family: Arial,sans-serif; font-size: 14px; font-style: normal; font-weight: 550; line-height: 18px;\">View this post on Instagram<\/div>\n<\/div>\n<div style=\"padding: 12.5% 0;\"><\/div>\n<div style=\"display: flex; flex-direction: row; margin-bottom: 14px; align-items: center;\">\n<div>\n<div style=\"background-color: #f4f4f4; border-radius: 50%; height: 12.5px; width: 12.5px; transform: translateX(0px) translateY(7px);\"><\/div>\n<div style=\"background-color: #f4f4f4; height: 12.5px; transform: rotate(-45deg) translateX(3px) translateY(1px); width: 12.5px; flex-grow: 0; margin-right: 14px; margin-left: 2px;\"><\/div>\n<div style=\"background-color: #f4f4f4; border-radius: 50%; height: 12.5px; width: 12.5px; transform: translateX(9px) translateY(-18px);\"><\/div>\n<\/div>\n<div style=\"margin-left: 8px;\">\n<div style=\"background-color: #f4f4f4; border-radius: 50%; flex-grow: 0; height: 20px; width: 20px;\"><\/div>\n<div style=\"width: 0; height: 0; border-top: 2px solid transparent; border-left: 6px solid #f4f4f4; border-bottom: 2px solid transparent; transform: translateX(16px) translateY(-4px) rotate(30deg);\"><\/div>\n<\/div>\n<div style=\"margin-left: auto;\">\n<div style=\"width: 0px; border-top: 8px solid #F4F4F4; border-right: 8px solid transparent; transform: translateY(16px);\"><\/div>\n<div style=\"background-color: #f4f4f4; flex-grow: 0; height: 12px; width: 16px; transform: translateY(-4px);\"><\/div>\n<div style=\"width: 0; height: 0; border-top: 8px solid #F4F4F4; border-left: 8px solid transparent; transform: translateY(-4px) translateX(8px);\"><\/div>\n<\/div>\n<\/div>\n<div style=\"display: flex; flex-direction: column; flex-grow: 1; justify-content: center; margin-bottom: 24px;\">\n<div style=\"background-color: #f4f4f4; border-radius: 4px; flex-grow: 0; height: 14px; margin-bottom: 6px; width: 224px;\"><\/div>\n<div style=\"background-color: #f4f4f4; border-radius: 4px; flex-grow: 0; height: 14px; width: 144px;\"><\/div>\n<\/div>\n<p>&nbsp;<\/p>\n<p style=\"color: #c9c8cd; font-family: Arial,sans-serif; font-size: 14px; line-height: 17px; margin-bottom: 0; margin-top: 8px; overflow: hidden; padding: 8px 0 7px; text-align: center; text-overflow: ellipsis; white-space: nowrap;\"><a style=\"color: #c9c8cd; font-family: Arial,sans-serif; font-size: 14px; font-style: normal; font-weight: normal; line-height: 17px; text-decoration: none;\" href=\"https:\/\/www.instagram.com\/p\/DK-PZucI4IK\/?utm_source=ig_embed&amp;utm_campaign=loading\" target=\"_blank\" rel=\"noopener\">A post shared by Arjola Demiri (@arjolademiri)<\/a><\/p>\n<\/div>\n<\/blockquote>\n<p><script async src=\"\/\/www.instagram.com\/embed.js\"><\/script><\/p>\n<div id=\"blogs-1898612687\" class=\"blogs-adsense-after-kontent blogs-entity-placement\"><script async src=\"https:\/\/pagead2.googlesyndication.com\/pagead\/js\/adsbygoogle.js\"\r\n     crossorigin=\"anonymous\"><\/script>\r\n<!-- Tiranaread -->\r\n<ins class=\"adsbygoogle\"\r\n     style=\"display:inline-block;width:728px;height:90px\"\r\n     data-ad-client=\"ca-pub-2355142065052501\"\r\n\t data-page-url=\"https:\/\/blogseyir.com\"\r\n     data-ad-slot=\"7464751963\"><\/ins>\r\n<script>\r\n     (adsbygoogle = window.adsbygoogle || []).push({});\r\n<\/script><\/div>","protected":false},"excerpt":{"rendered":"<p>Arjola Demiri, aktorja 40-vje\u00e7are nga Tropoja, nj\u00eb ish-miss mami e tre f\u00ebmij\u00ebve shpesh ka ndar\u00eb foto nga f\u00ebmij\u00ebt dhe momentet e bukura brenda familjes. Por nuk do ta besoni, sa \u00ebsht\u00eb rritur vajza e madhe e aktores. Hegla ka festuar dit\u00ebn e djeshme dit\u00eblindjen e 18 dhe nuk kishin si t\u00eb mungonin disa fjal\u00eb zemre [&hellip;]<\/p>\n","protected":false},"author":1,"featured_media":24437,"comment_status":"open","ping_status":"closed","sticky":false,"template":"","format":"standard","meta":{"footnotes":""},"categories":[32],"tags":[628],"class_list":["post-24439","post","type-post","status-publish","format-standard","has-post-thumbnail","hentry","category-te-fundit","tag-arjola-demiri"],"_links":{"self":[{"href":"https:\/\/blogseyir.com\/wp\/wp-json\/wp\/v2\/posts\/24439","targetHints":{"allow":["GET"]}}],"collection":[{"href":"https:\/\/blogseyir.com\/wp\/wp-json\/wp\/v2\/posts"}],"about":[{"href":"https:\/\/blogseyir.com\/wp\/wp-json\/wp\/v2\/types\/post"}],"author":[{"embeddable":true,"href":"https:\/\/blogseyir.com\/wp\/wp-json\/wp\/v2\/users\/1"}],"replies":[{"embeddable":true,"href":"https:\/\/blogseyir.com\/wp\/wp-json\/wp\/v2\/comments?post=24439"}],"version-history":[{"count":1,"href":"https:\/\/blogseyir.com\/wp\/wp-json\/wp\/v2\/posts\/24439\/revisions"}],"predecessor-version":[{"id":24440,"href":"https:\/\/blogseyir.com\/wp\/wp-json\/wp\/v2\/posts\/24439\/revisions\/24440"}],"wp:featuredmedia":[{"embeddable":true,"href":"https:\/\/blogseyir.com\/wp\/wp-json\/wp\/v2\/media\/24437"}],"wp:attachment":[{"href":"https:\/\/blogseyir.com\/wp\/wp-json\/wp\/v2\/media?parent=24439"}],"wp:term":[{"taxonomy":"category","embeddable":true,"href":"https:\/\/blogseyir.com\/wp\/wp-json\/wp\/v2\/categories?post=24439"},{"taxonomy":"post_tag","embeddable":true,"href":"https:\/\/blogseyir.com\/wp\/wp-json\/wp\/v2\/tags?post=24439"}],"curies":[{"name":"wp","href":"https:\/\/api.w.org\/{rel}","templated":true}]}}