{"id":24273,"date":"2025-06-17T08:33:44","date_gmt":"2025-06-17T08:33:44","guid":{"rendered":"https:\/\/blogseyir.com\/wp\/?p=24273"},"modified":"2025-06-17T08:33:46","modified_gmt":"2025-06-17T08:33:46","slug":"rezart-veleshnja-i-thote-te-gjitha-ne-lidhje-me-arbanen-dhe-ledionin-ja-kush-i-pelqen-me-shume-dhe-me-ke-ka-raport-te-ftohte","status":"publish","type":"post","link":"https:\/\/blogseyir.com\/wp\/rezart-veleshnja-i-thote-te-gjitha-ne-lidhje-me-arbanen-dhe-ledionin-ja-kush-i-pelqen-me-shume-dhe-me-ke-ka-raport-te-ftohte\/","title":{"rendered":"Rezart Veleshnja i thot\u00eb t\u00eb gjitha n\u00eb lidhje me Arban\u00ebn dhe Ledionin! Ja kush i p\u00eblqen m\u00eb shum\u00eb dhe me k\u00eb ka raport t\u00eb ftoht\u00eb"},"content":{"rendered":"<p>Aktori i njohur i humorit, Rezart Veleshnja, nj\u00eb nga figurat m\u00eb t\u00eb dashura t\u00eb spektaklit Portokalli, ishte s\u00eb fundmi i ftuar n\u00eb emisionin \u201cAndale\u201d,<\/p>\n<p><img loading=\"lazy\" decoding=\"async\" class=\"alignnone size-full wp-image-23865\" src=\"https:\/\/blogseyir.com\/wp\/wp-content\/uploads\/2025\/06\/image-224.jpg\" alt=\"\" width=\"750\" height=\"522\" \/><\/p>\n<p>ku foli gjer\u00ebsisht p\u00ebr karrier\u00ebn e tij n\u00eb televizion, p\u00ebrvoj\u00ebn me publikun dhe raportet me koleg\u00ebt.<\/p>\n<p>Gjat\u00eb intervist\u00ebs, Veleshnja dha nj\u00eb s\u00ebr\u00eb deklaratash t\u00eb komentuara, nd\u00ebr t\u00eb cilat edhe nj\u00eb krahasim mes dy moderator\u00ebve t\u00eb Big Brother VIP Albania, Arbana Osmani dhe Ledion Li\u00e7o.<\/p>\n<p>I pyetur se kush prej tyre \u00ebsht\u00eb m\u00eb i mir\u00eb n\u00eb drejtimin e formatit, ai u shpreh me bindje: \u201cArbana \u00ebsht\u00eb moderatorja m\u00eb e mir\u00eb dhe m\u00eb e zonja p\u00ebr k\u00ebt\u00eb program\u201d.<\/p>\n<p>Sipas tij, edhe Ledioni \u00ebsht\u00eb nj\u00eb prezantues shum\u00eb i mir\u00eb, por ai solli si shembull formate nd\u00ebrkomb\u00ebtare t\u00eb Big Brother-it, ku drejtimi i spektaklit i besohet shpesh nj\u00eb dysheje, zakonisht nj\u00eb \u00e7ift mashkull-fem\u00ebr. Veleshnja sugjeroi se nj\u00eb qasje e till\u00eb do t\u00eb funksiononte mir\u00eb edhe n\u00eb Shqip\u00ebri.<\/p>\n<p>Pavar\u00ebsisht vler\u00ebsimit profesional p\u00ebr Osmanin, ai pranoi se raporti i tyre personal \u00ebsht\u00eb i ftoht\u00eb, duke theksuar se nuk kan\u00eb komunikim t\u00eb af\u00ebrt: \u201cNuk \u00ebsht\u00eb se nuk flas, por kemi raport t\u00eb ftoht\u00eb\u201d.<\/p>\n<p>Kjo deklarat\u00eb e sinqert\u00eb i shton pesh\u00eb mendimit t\u00eb tij, duke treguar se vler\u00ebsimi p\u00ebr Arban\u00ebn ka ardhur si rezultat i profesionalizmit t\u00eb saj dhe jo p\u00ebr shkak t\u00eb ndonj\u00eb af\u00ebrsie personale.<\/p>\n<p>Rezart Veleshnja vazhdon t\u00eb jet\u00eb nj\u00eb nga emrat m\u00eb t\u00eb spikatur t\u00eb humorit n\u00eb Shqip\u00ebri, i njohur p\u00ebr karakterin e drejtp\u00ebrdrejt\u00eb dhe komentet pa filtra, q\u00eb shpeshher\u00eb b\u00ebhen pjes\u00eb e diskutimeve publike dhe mediatike. \/Telegrafi\/<\/p>\n<p><iframe loading=\"lazy\" title=\"Rezart Veleshnja: Hoqa Altin Bash\u00ebn nga puna | JVK HANGOUT EDITION EP. 3\" width=\"500\" height=\"281\" src=\"https:\/\/www.youtube.com\/embed\/0J2YkzintS8?feature=oembed\" frameborder=\"0\" allow=\"accelerometer; autoplay; clipboard-write; encrypted-media; gyroscope; picture-in-picture; web-share\" referrerpolicy=\"strict-origin-when-cross-origin\" allowfullscreen><\/iframe><\/p>\n<div id=\"blogs-1498091389\" class=\"blogs-after-content blogs-entity-placement\"><div id=\"div-gpt-ad-1770230601260-0\" style=\"width:300px; height:600px;\"><\/div><\/div><div id=\"blogs-1225178087\" class=\"blogs-adsense-after-kontent blogs-entity-placement\"><script async src=\"https:\/\/pagead2.googlesyndication.com\/pagead\/js\/adsbygoogle.js\"\r\n     crossorigin=\"anonymous\"><\/script>\r\n<!-- Tiranaread -->\r\n<ins class=\"adsbygoogle\"\r\n     style=\"display:inline-block;width:728px;height:90px\"\r\n     data-ad-client=\"ca-pub-2355142065052501\"\r\n\t data-page-url=\"https:\/\/blogseyir.com\"\r\n     data-ad-slot=\"7464751963\"><\/ins>\r\n<script>\r\n     (adsbygoogle = window.adsbygoogle || []).push({});\r\n<\/script><\/div>","protected":false},"excerpt":{"rendered":"<p>Aktori i njohur i humorit, Rezart Veleshnja, nj\u00eb nga figurat m\u00eb t\u00eb dashura t\u00eb spektaklit Portokalli, ishte s\u00eb fundmi i ftuar n\u00eb emisionin \u201cAndale\u201d, ku foli gjer\u00ebsisht p\u00ebr karrier\u00ebn e tij n\u00eb televizion, p\u00ebrvoj\u00ebn me publikun dhe raportet me koleg\u00ebt. Gjat\u00eb intervist\u00ebs, Veleshnja dha nj\u00eb s\u00ebr\u00eb deklaratash t\u00eb komentuara, nd\u00ebr t\u00eb cilat edhe nj\u00eb krahasim [&hellip;]<\/p>\n","protected":false},"author":1,"featured_media":24272,"comment_status":"open","ping_status":"closed","sticky":false,"template":"","format":"standard","meta":{"footnotes":""},"categories":[32],"tags":[215,160,1111],"class_list":["post-24273","post","type-post","status-publish","format-standard","has-post-thumbnail","hentry","category-te-fundit","tag-arbana-osmani","tag-ledion-lico","tag-rezart-veleshnja"],"_links":{"self":[{"href":"https:\/\/blogseyir.com\/wp\/wp-json\/wp\/v2\/posts\/24273","targetHints":{"allow":["GET"]}}],"collection":[{"href":"https:\/\/blogseyir.com\/wp\/wp-json\/wp\/v2\/posts"}],"about":[{"href":"https:\/\/blogseyir.com\/wp\/wp-json\/wp\/v2\/types\/post"}],"author":[{"embeddable":true,"href":"https:\/\/blogseyir.com\/wp\/wp-json\/wp\/v2\/users\/1"}],"replies":[{"embeddable":true,"href":"https:\/\/blogseyir.com\/wp\/wp-json\/wp\/v2\/comments?post=24273"}],"version-history":[{"count":1,"href":"https:\/\/blogseyir.com\/wp\/wp-json\/wp\/v2\/posts\/24273\/revisions"}],"predecessor-version":[{"id":24274,"href":"https:\/\/blogseyir.com\/wp\/wp-json\/wp\/v2\/posts\/24273\/revisions\/24274"}],"wp:featuredmedia":[{"embeddable":true,"href":"https:\/\/blogseyir.com\/wp\/wp-json\/wp\/v2\/media\/24272"}],"wp:attachment":[{"href":"https:\/\/blogseyir.com\/wp\/wp-json\/wp\/v2\/media?parent=24273"}],"wp:term":[{"taxonomy":"category","embeddable":true,"href":"https:\/\/blogseyir.com\/wp\/wp-json\/wp\/v2\/categories?post=24273"},{"taxonomy":"post_tag","embeddable":true,"href":"https:\/\/blogseyir.com\/wp\/wp-json\/wp\/v2\/tags?post=24273"}],"curies":[{"name":"wp","href":"https:\/\/api.w.org\/{rel}","templated":true}]}}