{"id":24264,"date":"2025-06-17T07:57:15","date_gmt":"2025-06-17T07:57:15","guid":{"rendered":"https:\/\/blogseyir.com\/wp\/?p=24264"},"modified":"2025-06-17T07:57:17","modified_gmt":"2025-06-17T07:57:17","slug":"e-marta-me-vranesira-fundjava-sjell-reshje-shiu-hakil-osmani-jep-lajmin-e-papritur","status":"publish","type":"post","link":"https:\/\/blogseyir.com\/wp\/e-marta-me-vranesira-fundjava-sjell-reshje-shiu-hakil-osmani-jep-lajmin-e-papritur\/","title":{"rendered":"E Marta me vran\u00ebsira, fundjava sjell reshje shiu? Hakil Osmani jep lajmin e papritur"},"content":{"rendered":"<p>N\u00eb nj\u00eb lidhje t\u00eb drejp\u00ebrdrejt\u00eb, n\u00eb nj\u00eb emision televiziv, meteorologu Hakil Osmani ka b\u00ebr\u00eb nj\u00eb parashikim t\u00eb motit p\u00ebr jav\u00ebn.<\/p>\n<p><img loading=\"lazy\" decoding=\"async\" class=\"alignnone size-full wp-image-23855\" src=\"https:\/\/blogseyir.com\/wp\/wp-content\/uploads\/2025\/06\/image-222.jpg\" alt=\"\" width=\"750\" height=\"439\" \/><\/p>\n<p>Meteorologu theksoi se java do t\u00eb ket\u00eb ngritje t\u00eb temperaturave, por nj\u00eb interval vran\u00ebsisrash dhe shiu do t\u00eb jen\u00eb prezent\u00eb dit\u00ebn e mart\u00eb dhe t\u00eb m\u00ebrkur\u00eb. Osmani m\u00eb tej tha se moti n\u00eb fundjav\u00eb do t\u00eb jet\u00eb kryesisht me diell.<\/p>\n<p>Sipas tij n\u00eb zonat bregdetare temperaturat do t\u00eb jen\u00eb 19 grad\u00eb celcius dhe gjat\u00eb mesdit\u00ebs do t\u00eb rriten rreth 30 grad\u00eb celcius.<\/p>\n<p>\u201cN\u00eb zonat bregdetare do t\u00eb jen\u00eb rreth 19 grad\u00eb celcius dhe gjat\u00eb mesdit\u00ebs do t\u00eb rriten rreth 30 grad\u00eb celcius.<\/p>\n<p>Do t\u00eb kemi nj\u00eb jav\u00eb me ngritje t\u00eb temperaturave. Por dit\u00ebt e mart\u00eb dhe t\u00eb m\u00ebrkur\u00ebn mund t\u00eb kemi edhe disa vran\u00ebsira.<\/p>\n<p>N\u00eb pjes\u00ebn m\u00eb t\u00eb madhe t\u00eb koh\u00ebs, era do t\u00eb ket\u00eb edhe intervale t\u00eb shkurtra. Ata q\u00eb duan t\u00eb b\u00ebjn\u00eb plazh do t\u00eb jen\u00eb t\u00eb favorizuar sepse do t\u00eb ket\u00eb nj\u00eb fundjav\u00eb me diell\u201d, tha Osmani<\/p>\n<div id=\"blogs-1426218795\" class=\"blogs-adsense-after-kontent blogs-entity-placement\"><script async src=\"https:\/\/pagead2.googlesyndication.com\/pagead\/js\/adsbygoogle.js\"\r\n     crossorigin=\"anonymous\"><\/script>\r\n<!-- Tiranaread -->\r\n<ins class=\"adsbygoogle\"\r\n     style=\"display:inline-block;width:728px;height:90px\"\r\n     data-ad-client=\"ca-pub-2355142065052501\"\r\n\t data-page-url=\"https:\/\/blogseyir.com\"\r\n     data-ad-slot=\"7464751963\"><\/ins>\r\n<script>\r\n     (adsbygoogle = window.adsbygoogle || []).push({});\r\n<\/script><\/div>","protected":false},"excerpt":{"rendered":"<p>N\u00eb nj\u00eb lidhje t\u00eb drejp\u00ebrdrejt\u00eb, n\u00eb nj\u00eb emision televiziv, meteorologu Hakil Osmani ka b\u00ebr\u00eb nj\u00eb parashikim t\u00eb motit p\u00ebr jav\u00ebn. Meteorologu theksoi se java do t\u00eb ket\u00eb ngritje t\u00eb temperaturave, por nj\u00eb interval vran\u00ebsisrash dhe shiu do t\u00eb jen\u00eb prezent\u00eb dit\u00ebn e mart\u00eb dhe t\u00eb m\u00ebrkur\u00eb. Osmani m\u00eb tej tha se moti n\u00eb fundjav\u00eb do [&hellip;]<\/p>\n","protected":false},"author":1,"featured_media":24263,"comment_status":"open","ping_status":"closed","sticky":false,"template":"","format":"standard","meta":{"footnotes":""},"categories":[32],"tags":[297,242,39],"class_list":["post-24264","post","type-post","status-publish","format-standard","has-post-thumbnail","hentry","category-te-fundit","tag-diell","tag-hakil-osmani","tag-moti"],"_links":{"self":[{"href":"https:\/\/blogseyir.com\/wp\/wp-json\/wp\/v2\/posts\/24264","targetHints":{"allow":["GET"]}}],"collection":[{"href":"https:\/\/blogseyir.com\/wp\/wp-json\/wp\/v2\/posts"}],"about":[{"href":"https:\/\/blogseyir.com\/wp\/wp-json\/wp\/v2\/types\/post"}],"author":[{"embeddable":true,"href":"https:\/\/blogseyir.com\/wp\/wp-json\/wp\/v2\/users\/1"}],"replies":[{"embeddable":true,"href":"https:\/\/blogseyir.com\/wp\/wp-json\/wp\/v2\/comments?post=24264"}],"version-history":[{"count":1,"href":"https:\/\/blogseyir.com\/wp\/wp-json\/wp\/v2\/posts\/24264\/revisions"}],"predecessor-version":[{"id":24265,"href":"https:\/\/blogseyir.com\/wp\/wp-json\/wp\/v2\/posts\/24264\/revisions\/24265"}],"wp:featuredmedia":[{"embeddable":true,"href":"https:\/\/blogseyir.com\/wp\/wp-json\/wp\/v2\/media\/24263"}],"wp:attachment":[{"href":"https:\/\/blogseyir.com\/wp\/wp-json\/wp\/v2\/media?parent=24264"}],"wp:term":[{"taxonomy":"category","embeddable":true,"href":"https:\/\/blogseyir.com\/wp\/wp-json\/wp\/v2\/categories?post=24264"},{"taxonomy":"post_tag","embeddable":true,"href":"https:\/\/blogseyir.com\/wp\/wp-json\/wp\/v2\/tags?post=24264"}],"curies":[{"name":"wp","href":"https:\/\/api.w.org\/{rel}","templated":true}]}}