{"id":23793,"date":"2025-06-12T12:12:50","date_gmt":"2025-06-12T12:12:50","guid":{"rendered":"https:\/\/blogseyir.com\/wp\/?p=23793"},"modified":"2025-06-12T12:12:51","modified_gmt":"2025-06-12T12:12:51","slug":"e-trishte-shenohet-vktima-e-pare-e-ketij-sezoni-ne-plazh-dalin-detajet","status":"publish","type":"post","link":"https:\/\/blogseyir.com\/wp\/e-trishte-shenohet-vktima-e-pare-e-ketij-sezoni-ne-plazh-dalin-detajet\/","title":{"rendered":"E trisht\u00eb! Sh\u00ebnohet v*ktima e par\u00eb e k\u00ebtij sezoni n\u00eb plazh, dalin detajet"},"content":{"rendered":"<p>Sh\u00ebnohet viktima e par\u00eb e k\u00ebtij sezoni plazhi.<\/p>\n<p>&nbsp;<\/p>\n<p><img loading=\"lazy\" decoding=\"async\" class=\"alignnone size-full wp-image-23150\" src=\"https:\/\/blogseyir.com\/wp\/wp-content\/uploads\/2025\/06\/image-170.jpg\" alt=\"\" width=\"750\" height=\"450\" \/><br \/>\nRreth or\u00ebs 10:00, n\u00eb Qerret t\u00eb Kavaj\u00ebs, dyshohet se ka p\u00ebsuar arrest kardiak kur \u00ebsht\u00eb futur n\u00eb det dhe p\u00ebr pasoj\u00eb ka humbur jet\u00ebn, shtetasi H. U., 73 vje\u00e7, banues n\u00eb Kavaj\u00eb.<\/p>\n<p>Policia vendore njofton se grupi hetimor vijon pun\u00ebn p\u00ebr dokumentimin e shkakut t\u00eb humbjes s\u00eb jet\u00ebs.<\/p>\n<div id=\"blogs-2353554929\" class=\"blogs-after-content blogs-entity-placement\"><div id=\"div-gpt-ad-1770230601260-0\" style=\"width:300px; height:600px;\"><\/div><\/div><div id=\"blogs-237570434\" class=\"blogs-adsense-after-kontent blogs-entity-placement\"><script async src=\"https:\/\/pagead2.googlesyndication.com\/pagead\/js\/adsbygoogle.js\"\r\n     crossorigin=\"anonymous\"><\/script>\r\n<!-- Tiranaread -->\r\n<ins class=\"adsbygoogle\"\r\n     style=\"display:inline-block;width:728px;height:90px\"\r\n     data-ad-client=\"ca-pub-2355142065052501\"\r\n\t data-page-url=\"https:\/\/blogseyir.com\"\r\n     data-ad-slot=\"7464751963\"><\/ins>\r\n<script>\r\n     (adsbygoogle = window.adsbygoogle || []).push({});\r\n<\/script><\/div>","protected":false},"excerpt":{"rendered":"<p>Sh\u00ebnohet viktima e par\u00eb e k\u00ebtij sezoni plazhi. &nbsp; Rreth or\u00ebs 10:00, n\u00eb Qerret t\u00eb Kavaj\u00ebs, dyshohet se ka p\u00ebsuar arrest kardiak kur \u00ebsht\u00eb futur n\u00eb det dhe p\u00ebr pasoj\u00eb ka humbur jet\u00ebn, shtetasi H. U., 73 vje\u00e7, banues n\u00eb Kavaj\u00eb. Policia vendore njofton se grupi hetimor vijon pun\u00ebn p\u00ebr dokumentimin e shkakut t\u00eb humbjes [&hellip;]<\/p>\n","protected":false},"author":1,"featured_media":23792,"comment_status":"open","ping_status":"closed","sticky":false,"template":"","format":"standard","meta":{"footnotes":""},"categories":[32],"tags":[1084,1085,40],"class_list":["post-23793","post","type-post","status-publish","format-standard","has-post-thumbnail","hentry","category-te-fundit","tag-mbytje","tag-plazh","tag-te-fundit"],"_links":{"self":[{"href":"https:\/\/blogseyir.com\/wp\/wp-json\/wp\/v2\/posts\/23793","targetHints":{"allow":["GET"]}}],"collection":[{"href":"https:\/\/blogseyir.com\/wp\/wp-json\/wp\/v2\/posts"}],"about":[{"href":"https:\/\/blogseyir.com\/wp\/wp-json\/wp\/v2\/types\/post"}],"author":[{"embeddable":true,"href":"https:\/\/blogseyir.com\/wp\/wp-json\/wp\/v2\/users\/1"}],"replies":[{"embeddable":true,"href":"https:\/\/blogseyir.com\/wp\/wp-json\/wp\/v2\/comments?post=23793"}],"version-history":[{"count":1,"href":"https:\/\/blogseyir.com\/wp\/wp-json\/wp\/v2\/posts\/23793\/revisions"}],"predecessor-version":[{"id":23794,"href":"https:\/\/blogseyir.com\/wp\/wp-json\/wp\/v2\/posts\/23793\/revisions\/23794"}],"wp:featuredmedia":[{"embeddable":true,"href":"https:\/\/blogseyir.com\/wp\/wp-json\/wp\/v2\/media\/23792"}],"wp:attachment":[{"href":"https:\/\/blogseyir.com\/wp\/wp-json\/wp\/v2\/media?parent=23793"}],"wp:term":[{"taxonomy":"category","embeddable":true,"href":"https:\/\/blogseyir.com\/wp\/wp-json\/wp\/v2\/categories?post=23793"},{"taxonomy":"post_tag","embeddable":true,"href":"https:\/\/blogseyir.com\/wp\/wp-json\/wp\/v2\/tags?post=23793"}],"curies":[{"name":"wp","href":"https:\/\/api.w.org\/{rel}","templated":true}]}}