{"id":23003,"date":"2025-06-03T07:37:09","date_gmt":"2025-06-03T07:37:09","guid":{"rendered":"https:\/\/blogseyir.com\/wp\/?p=23003"},"modified":"2025-06-03T07:37:11","modified_gmt":"2025-06-03T07:37:11","slug":"ngjarje-e-rende-ne-shkoder-37-vjecari-futet-ne-liqen-per-tu-lare-por-nuk-del-i-gjalle","status":"publish","type":"post","link":"https:\/\/blogseyir.com\/wp\/ngjarje-e-rende-ne-shkoder-37-vjecari-futet-ne-liqen-per-tu-lare-por-nuk-del-i-gjalle\/","title":{"rendered":"Ngjarje e r\u00ebnd\u00eb n\u00eb Shkod\u00ebr! 37-vje\u00e7ari futet n\u00eb liqen p\u00ebr t\u2019u lar\u00eb, por nuk del i gjall\u00eb"},"content":{"rendered":"<p>Nj\u00eb 37-vje\u00e7ar ka humbur jet\u00ebn tragjikisht m\u00ebngjesin e k\u00ebsaj t\u00eb marte.<\/p>\n<p><img loading=\"lazy\" decoding=\"async\" class=\"alignnone size-full wp-image-22108\" src=\"https:\/\/blogseyir.com\/wp\/wp-content\/uploads\/2025\/06\/image-59.jpg\" alt=\"\" width=\"750\" height=\"477\" \/><\/p>\n<p>Burime p\u00ebr mediat b\u00ebjn\u00eb me dije se i riu, emri i t\u00eb cilit ende nuk \u00ebsht\u00eb b\u00ebr\u00eb me dije p\u00ebr mediat ka humbur jet\u00ebn n\u00eb liqenin e Shkodr\u00ebs.<\/p>\n<p>M\u00ebsohet se ai ka hyr\u00eb p\u00ebr tu lar\u00eb, por fatkeq\u00ebsisht ka p\u00ebsuar arrest kardiak. Nga kqyrja e trupit nuk jan\u00eb konstatuar shenja dhune, nd\u00ebrkoh\u00eb q\u00eb policia ndodhet n\u00eb vendin e ngjarjes dhe pritet m\u00eb tej nj\u00eb njoftim zyrtar.<\/p>\n<div id=\"blogs-2520170954\" class=\"blogs-after-content blogs-entity-placement\"><div id=\"div-gpt-ad-1770230601260-0\" style=\"width:300px; height:600px;\"><\/div><\/div><div id=\"blogs-2374640300\" class=\"blogs-adsense-after-kontent blogs-entity-placement\"><script async src=\"https:\/\/pagead2.googlesyndication.com\/pagead\/js\/adsbygoogle.js\"\r\n     crossorigin=\"anonymous\"><\/script>\r\n<!-- Tiranaread -->\r\n<ins class=\"adsbygoogle\"\r\n     style=\"display:inline-block;width:728px;height:90px\"\r\n     data-ad-client=\"ca-pub-2355142065052501\"\r\n\t data-page-url=\"https:\/\/blogseyir.com\"\r\n     data-ad-slot=\"7464751963\"><\/ins>\r\n<script>\r\n     (adsbygoogle = window.adsbygoogle || []).push({});\r\n<\/script><\/div>","protected":false},"excerpt":{"rendered":"<p>Nj\u00eb 37-vje\u00e7ar ka humbur jet\u00ebn tragjikisht m\u00ebngjesin e k\u00ebsaj t\u00eb marte. Burime p\u00ebr mediat b\u00ebjn\u00eb me dije se i riu, emri i t\u00eb cilit ende nuk \u00ebsht\u00eb b\u00ebr\u00eb me dije p\u00ebr mediat ka humbur jet\u00ebn n\u00eb liqenin e Shkodr\u00ebs. M\u00ebsohet se ai ka hyr\u00eb p\u00ebr tu lar\u00eb, por fatkeq\u00ebsisht ka p\u00ebsuar arrest kardiak. Nga kqyrja [&hellip;]<\/p>\n","protected":false},"author":1,"featured_media":23002,"comment_status":"open","ping_status":"closed","sticky":false,"template":"","format":"standard","meta":{"footnotes":""},"categories":[32],"tags":[333,40,41],"class_list":["post-23003","post","type-post","status-publish","format-standard","has-post-thumbnail","hentry","category-te-fundit","tag-shkoder","tag-te-fundit","tag-vdekje"],"_links":{"self":[{"href":"https:\/\/blogseyir.com\/wp\/wp-json\/wp\/v2\/posts\/23003","targetHints":{"allow":["GET"]}}],"collection":[{"href":"https:\/\/blogseyir.com\/wp\/wp-json\/wp\/v2\/posts"}],"about":[{"href":"https:\/\/blogseyir.com\/wp\/wp-json\/wp\/v2\/types\/post"}],"author":[{"embeddable":true,"href":"https:\/\/blogseyir.com\/wp\/wp-json\/wp\/v2\/users\/1"}],"replies":[{"embeddable":true,"href":"https:\/\/blogseyir.com\/wp\/wp-json\/wp\/v2\/comments?post=23003"}],"version-history":[{"count":1,"href":"https:\/\/blogseyir.com\/wp\/wp-json\/wp\/v2\/posts\/23003\/revisions"}],"predecessor-version":[{"id":23004,"href":"https:\/\/blogseyir.com\/wp\/wp-json\/wp\/v2\/posts\/23003\/revisions\/23004"}],"wp:featuredmedia":[{"embeddable":true,"href":"https:\/\/blogseyir.com\/wp\/wp-json\/wp\/v2\/media\/23002"}],"wp:attachment":[{"href":"https:\/\/blogseyir.com\/wp\/wp-json\/wp\/v2\/media?parent=23003"}],"wp:term":[{"taxonomy":"category","embeddable":true,"href":"https:\/\/blogseyir.com\/wp\/wp-json\/wp\/v2\/categories?post=23003"},{"taxonomy":"post_tag","embeddable":true,"href":"https:\/\/blogseyir.com\/wp\/wp-json\/wp\/v2\/tags?post=23003"}],"curies":[{"name":"wp","href":"https:\/\/api.w.org\/{rel}","templated":true}]}}