{"id":22885,"date":"2025-06-01T18:48:34","date_gmt":"2025-06-01T18:48:34","guid":{"rendered":"https:\/\/blogseyir.com\/wp\/?p=22885"},"modified":"2025-06-01T18:48:36","modified_gmt":"2025-06-01T18:48:36","slug":"na-ka-lenduar-mamaja-e-ledrit-flet-per-here-te-pare-per-ndarjen-e-te-birit-nga-sara-hoxha-pas","status":"publish","type":"post","link":"https:\/\/blogseyir.com\/wp\/na-ka-lenduar-mamaja-e-ledrit-flet-per-here-te-pare-per-ndarjen-e-te-birit-nga-sara-hoxha-pas\/","title":{"rendered":"\u201cNa ka l\u00ebnduar\u2026\u201d\/ Mamaja e Ledrit flet p\u00ebr her\u00eb t\u00eb par\u00eb p\u00ebr ndarjen e t\u00eb birit nga Sara Hoxha pas&#8230;"},"content":{"rendered":"<p>Ndarja mes Ledri Vul\u00ebs dhe Sara Hoxh\u00ebs ka qen\u00eb nj\u00eb nd\u00ebr zhvillimet m\u00eb t\u00eb komentuar koh\u00ebt e fundit n\u00eb mediat roz\u00eb dhe rrjetet sociale.<\/p>\n<p><img loading=\"lazy\" decoding=\"async\" class=\"alignnone size-full wp-image-21960\" src=\"https:\/\/blogseyir.com\/wp\/wp-content\/uploads\/2025\/06\/148E8760-6407-4847-9767-C6C87DA1A670.jpg\" alt=\"\" width=\"750\" height=\"527\" \/><\/p>\n<p>Tashm\u00eb mbi k\u00ebt\u00eb tem\u00eb ka reaguar edhe n\u00ebna e artistit, Xheraldina Vula, e cila n\u00eb nj\u00eb intervist\u00eb p\u00ebr \u201cKlan Kosova\u201d \u00ebsht\u00eb shprehur hapur p\u00ebr m\u00ebnyr\u00ebn si e ka p\u00ebrjetuar familja lajmin.<\/p>\n<p>\u201c[Na ka l\u00ebnduar]. Asnj\u00eb prind nuk g\u00ebzohet kur f\u00ebmija i tij ndahet, sidomos kur b\u00ebhet fjal\u00eb p\u00ebr nj\u00eb \u00e7ift q\u00eb ka qen\u00eb aq i mir\u00eb s\u00eb bashku.<\/p>\n<p>U ndjem\u00eb shum\u00eb keq, ishte befasuese p\u00ebr ne\u201d tha ajo.<\/p>\n<p>Xheraldina theksoi se ndon\u00ebse ndarja nuk ka qen\u00eb e leht\u00eb p\u00ebr familjen, ata e respektojn\u00eb vendimin e dy t\u00eb rinjve.<\/p>\n<p>\u201dNuk kemi pasur qejf fare, por t\u00eb rinjt\u00eb nuk na pyesin. Ata b\u00ebjn\u00eb zgjedhjet e tyre.\u201d<\/p>\n<p>E pyetur p\u00ebr marr\u00ebdh\u00ebnien me ish-partneren e djalit, ajo u shpreh se lidhja e saj me Sar\u00ebn nuk ka ndryshuar:<\/p>\n<p>\u201cUn\u00eb me Sar\u00ebn vazhdoj t\u00eb kem t\u00eb nj\u00ebjt\u00ebn lidhje. Nuk ka asnj\u00eb antagoniz\u00ebm mes nesh. Ajo vazhdon t\u00eb kujdeset p\u00ebr vajz\u00ebn, e sjell tek gjyshja, vjen e na viziton. Gj\u00ebrat jan\u00eb shum\u00eb korrekte mes nesh\u201d.<\/p>\n<div id=\"blogs-2153071059\" class=\"blogs-after-content blogs-entity-placement\"><div id=\"div-gpt-ad-1770230601260-0\" style=\"width:300px; height:600px;\"><\/div><\/div><div id=\"blogs-3639649798\" class=\"blogs-adsense-after-kontent blogs-entity-placement\"><script async src=\"https:\/\/pagead2.googlesyndication.com\/pagead\/js\/adsbygoogle.js\"\r\n     crossorigin=\"anonymous\"><\/script>\r\n<!-- Tiranaread -->\r\n<ins class=\"adsbygoogle\"\r\n     style=\"display:inline-block;width:728px;height:90px\"\r\n     data-ad-client=\"ca-pub-2355142065052501\"\r\n\t data-page-url=\"https:\/\/blogseyir.com\"\r\n     data-ad-slot=\"7464751963\"><\/ins>\r\n<script>\r\n     (adsbygoogle = window.adsbygoogle || []).push({});\r\n<\/script><\/div>","protected":false},"excerpt":{"rendered":"<p>Ndarja mes Ledri Vul\u00ebs dhe Sara Hoxh\u00ebs ka qen\u00eb nj\u00eb nd\u00ebr zhvillimet m\u00eb t\u00eb komentuar koh\u00ebt e fundit n\u00eb mediat roz\u00eb dhe rrjetet sociale. Tashm\u00eb mbi k\u00ebt\u00eb tem\u00eb ka reaguar edhe n\u00ebna e artistit, Xheraldina Vula, e cila n\u00eb nj\u00eb intervist\u00eb p\u00ebr \u201cKlan Kosova\u201d \u00ebsht\u00eb shprehur hapur p\u00ebr m\u00ebnyr\u00ebn si e ka p\u00ebrjetuar familja lajmin. [&hellip;]<\/p>\n","protected":false},"author":1,"featured_media":22884,"comment_status":"open","ping_status":"closed","sticky":false,"template":"","format":"standard","meta":{"footnotes":""},"categories":[33],"tags":[47,48],"class_list":["post-22885","post","type-post","status-publish","format-standard","has-post-thumbnail","hentry","category-showbizi","tag-ledri-vula","tag-sara-hoxha"],"_links":{"self":[{"href":"https:\/\/blogseyir.com\/wp\/wp-json\/wp\/v2\/posts\/22885","targetHints":{"allow":["GET"]}}],"collection":[{"href":"https:\/\/blogseyir.com\/wp\/wp-json\/wp\/v2\/posts"}],"about":[{"href":"https:\/\/blogseyir.com\/wp\/wp-json\/wp\/v2\/types\/post"}],"author":[{"embeddable":true,"href":"https:\/\/blogseyir.com\/wp\/wp-json\/wp\/v2\/users\/1"}],"replies":[{"embeddable":true,"href":"https:\/\/blogseyir.com\/wp\/wp-json\/wp\/v2\/comments?post=22885"}],"version-history":[{"count":1,"href":"https:\/\/blogseyir.com\/wp\/wp-json\/wp\/v2\/posts\/22885\/revisions"}],"predecessor-version":[{"id":22886,"href":"https:\/\/blogseyir.com\/wp\/wp-json\/wp\/v2\/posts\/22885\/revisions\/22886"}],"wp:featuredmedia":[{"embeddable":true,"href":"https:\/\/blogseyir.com\/wp\/wp-json\/wp\/v2\/media\/22884"}],"wp:attachment":[{"href":"https:\/\/blogseyir.com\/wp\/wp-json\/wp\/v2\/media?parent=22885"}],"wp:term":[{"taxonomy":"category","embeddable":true,"href":"https:\/\/blogseyir.com\/wp\/wp-json\/wp\/v2\/categories?post=22885"},{"taxonomy":"post_tag","embeddable":true,"href":"https:\/\/blogseyir.com\/wp\/wp-json\/wp\/v2\/tags?post=22885"}],"curies":[{"name":"wp","href":"https:\/\/api.w.org\/{rel}","templated":true}]}}