{"id":22738,"date":"2025-05-31T10:10:30","date_gmt":"2025-05-31T10:10:30","guid":{"rendered":"https:\/\/blogseyir.com\/wp\/?p=22738"},"modified":"2025-05-31T10:10:32","modified_gmt":"2025-05-31T10:10:32","slug":"elia-zaharia-hap-zemren-flet-per-divorcin-me-princ-leken","status":"publish","type":"post","link":"https:\/\/blogseyir.com\/wp\/elia-zaharia-hap-zemren-flet-per-divorcin-me-princ-leken\/","title":{"rendered":"Elia Zaharia hap zemr\u00ebn, flet p\u00ebr divorcin me Princ Lek\u00ebn!"},"content":{"rendered":"<p>Pas ndarjes q\u00eb b\u00ebri shum\u00eb buj\u00eb n\u00eb media, Elia Zaharia ka folur p\u00ebr her\u00eb t\u00eb par\u00eb publikisht p\u00ebr divorcin nga princ Leka dhe sfidat q\u00eb e kan\u00eb shoq\u00ebruar n\u00eb k\u00ebt\u00eb periudh\u00eb.<\/p>\n<p><img loading=\"lazy\" decoding=\"async\" class=\"alignnone size-full wp-image-21759\" src=\"https:\/\/blogseyir.com\/wp\/wp-content\/uploads\/2025\/05\/image-421.jpg\" alt=\"\" width=\"750\" height=\"435\" \/><\/p>\n<p>E ftuar n\u00eb emisionin \u201cRudina\u201d n\u00eb TV Klan, aktorja \u00ebsht\u00eb treguar e rezervuar n\u00eb detaje, por ka ndar\u00eb disa reflektime personale q\u00eb kan\u00eb ngjallur v\u00ebmendje nga publiku.<\/p>\n<p>N\u00eb nj\u00eb bised\u00eb t\u00eb ndjer\u00eb me Rudina Magjistarin, Elia zbuloi se pavar\u00ebsisht v\u00ebshtir\u00ebsive emocionale, ajo ka dal\u00eb nga kjo periudh\u00eb me nj\u00eb m\u00ebsim t\u00eb fuqish\u00ebm shpirt\u00ebror: \u201cDimensionin e faljes\u201d.<\/p>\n<p>\u201cDo e them me nj\u00eb fjal\u00eb, Rudina: dimensionin e faljes. Kjo p\u00ebr mua nuk ka t\u00eb paguar.\u201d \u2013 u shpreh Elia, duke l\u00ebn\u00eb t\u00eb kuptohet se pas ndarjes nuk ka vend p\u00ebr urrejtje, por p\u00ebr reflektim dhe rritje personale.<\/p>\n<p>Elia e pranoi se periudha q\u00eb kaloi ka qen\u00eb komplekse dhe e mbushur me emocione t\u00eb forta, por theksoi se forca e saj ka ardhur nga mb\u00ebshtetja e fort\u00eb familjare.<\/p>\n<p>\u201cKa qen\u00eb nj\u00eb periudh\u00eb komplekse, por un\u00eb fal\u00ebnderoj Zotin \u00e7do dit\u00eb p\u00ebr at\u00eb mb\u00ebshtetje q\u00eb m\u00eb ka dh\u00ebn\u00eb familja ime, rrethi im. Un\u00eb jam me shum\u00eb fat, sepse prind\u00ebrit e mi, familja ime, nuk jan\u00eb vet\u00ebm familja ime, por jan\u00eb edhe miqt\u00eb e mi m\u00eb t\u00eb mir\u00eb, me t\u00eb cil\u00ebt un\u00eb mund t\u00eb ndaj \u00e7do gj\u00eb gj\u00ebrat e mira, gj\u00ebrat e g\u00ebzuara. Them: \u201cO Zot, duhet q\u00eb t\u2019i fal\u00ebnderojm\u00eb dhe t\u2019i duam prind\u00ebrit p\u00ebr aq koh\u00eb sa jan\u00eb.\u201d<\/p>\n<p>Ajo q\u00eb Elia vuri n\u00eb qend\u00ebr t\u00eb v\u00ebmendjes ishte vajza e saj, e cila tashm\u00eb \u00ebsht\u00eb prioriteti absolut:<\/p>\n<p>\u201cUn\u00eb dua q\u00eb ajo t\u00eb ndjehet ngroht\u00eb shpirt\u00ebrisht dhe t\u00eb marr\u00eb dashuri nga t\u00eb dyja krah\u00ebt. P\u00ebr mua kjo \u00ebsht\u00eb e vetmja gj\u00eb q\u00eb vlen.\u201d<\/p>\n<div id=\"blogs-3308420580\" class=\"blogs-after-content blogs-entity-placement\"><div id=\"div-gpt-ad-1770230601260-0\" style=\"width:300px; height:600px;\"><\/div><\/div><div id=\"blogs-731291226\" class=\"blogs-adsense-after-kontent blogs-entity-placement\"><script async src=\"https:\/\/pagead2.googlesyndication.com\/pagead\/js\/adsbygoogle.js\"\r\n     crossorigin=\"anonymous\"><\/script>\r\n<!-- Tiranaread -->\r\n<ins class=\"adsbygoogle\"\r\n     style=\"display:inline-block;width:728px;height:90px\"\r\n     data-ad-client=\"ca-pub-2355142065052501\"\r\n\t data-page-url=\"https:\/\/blogseyir.com\"\r\n     data-ad-slot=\"7464751963\"><\/ins>\r\n<script>\r\n     (adsbygoogle = window.adsbygoogle || []).push({});\r\n<\/script><\/div>","protected":false},"excerpt":{"rendered":"<p>Pas ndarjes q\u00eb b\u00ebri shum\u00eb buj\u00eb n\u00eb media, Elia Zaharia ka folur p\u00ebr her\u00eb t\u00eb par\u00eb publikisht p\u00ebr divorcin nga princ Leka dhe sfidat q\u00eb e kan\u00eb shoq\u00ebruar n\u00eb k\u00ebt\u00eb periudh\u00eb. E ftuar n\u00eb emisionin \u201cRudina\u201d n\u00eb TV Klan, aktorja \u00ebsht\u00eb treguar e rezervuar n\u00eb detaje, por ka ndar\u00eb disa reflektime personale q\u00eb kan\u00eb ngjallur [&hellip;]<\/p>\n","protected":false},"author":1,"featured_media":22737,"comment_status":"open","ping_status":"closed","sticky":false,"template":"","format":"standard","meta":{"footnotes":""},"categories":[32],"tags":[1029,521,495],"class_list":["post-22738","post","type-post","status-publish","format-standard","has-post-thumbnail","hentry","category-te-fundit","tag-divorc","tag-elia-zaharia","tag-princ-leka"],"_links":{"self":[{"href":"https:\/\/blogseyir.com\/wp\/wp-json\/wp\/v2\/posts\/22738","targetHints":{"allow":["GET"]}}],"collection":[{"href":"https:\/\/blogseyir.com\/wp\/wp-json\/wp\/v2\/posts"}],"about":[{"href":"https:\/\/blogseyir.com\/wp\/wp-json\/wp\/v2\/types\/post"}],"author":[{"embeddable":true,"href":"https:\/\/blogseyir.com\/wp\/wp-json\/wp\/v2\/users\/1"}],"replies":[{"embeddable":true,"href":"https:\/\/blogseyir.com\/wp\/wp-json\/wp\/v2\/comments?post=22738"}],"version-history":[{"count":1,"href":"https:\/\/blogseyir.com\/wp\/wp-json\/wp\/v2\/posts\/22738\/revisions"}],"predecessor-version":[{"id":22739,"href":"https:\/\/blogseyir.com\/wp\/wp-json\/wp\/v2\/posts\/22738\/revisions\/22739"}],"wp:featuredmedia":[{"embeddable":true,"href":"https:\/\/blogseyir.com\/wp\/wp-json\/wp\/v2\/media\/22737"}],"wp:attachment":[{"href":"https:\/\/blogseyir.com\/wp\/wp-json\/wp\/v2\/media?parent=22738"}],"wp:term":[{"taxonomy":"category","embeddable":true,"href":"https:\/\/blogseyir.com\/wp\/wp-json\/wp\/v2\/categories?post=22738"},{"taxonomy":"post_tag","embeddable":true,"href":"https:\/\/blogseyir.com\/wp\/wp-json\/wp\/v2\/tags?post=22738"}],"curies":[{"name":"wp","href":"https:\/\/api.w.org\/{rel}","templated":true}]}}