{"id":22577,"date":"2025-05-29T11:03:21","date_gmt":"2025-05-29T11:03:21","guid":{"rendered":"https:\/\/blogseyir.com\/wp\/?p=22577"},"modified":"2025-05-29T11:03:24","modified_gmt":"2025-05-29T11:03:24","slug":"e-dinit-drejtoresha-e-re-e-spitalit-te-qsut-eshte-nena-e-nje-prej-vajzave-me-te-njohura-ne-rrjet","status":"publish","type":"post","link":"https:\/\/blogseyir.com\/wp\/e-dinit-drejtoresha-e-re-e-spitalit-te-qsut-eshte-nena-e-nje-prej-vajzave-me-te-njohura-ne-rrjet\/","title":{"rendered":"E dinit? Drejtoresha e re e spitalit te QSUT eshte n\u00ebna e nj\u00eb prej vajzave m\u00eb t\u00eb njohura ne rrjet!"},"content":{"rendered":"<p>Nj dit\u00eb m\u00eb par\u00eb u b\u00eb publike dor\u00ebheqja e Alma Canit nga posti i drejtoresh\u00ebs s\u00eb Qendr\u00ebs Spitalore Universitare \u201cN\u00ebn\u00eb Tereza\u201d.<\/p>\n<p><img loading=\"lazy\" decoding=\"async\" class=\"alignnone size-full wp-image-21522\" src=\"https:\/\/blogseyir.com\/wp\/wp-content\/uploads\/2025\/05\/image-398.jpg\" alt=\"\" width=\"750\" height=\"502\" \/><\/p>\n<p>Pas nj\u00eb periudhe 14-mujore n\u00eb krye t\u00eb k\u00ebtij institucioni, Cani vendosi t\u00eb largohej nga detyra.<\/p>\n<p>N\u00eb vend t\u00eb saj \u00ebsht\u00eb em\u00ebruar mjekja Donjeta Bali, nj\u00eb profesioniste e njohur dhe e respektuar me nj\u00eb karrier\u00eb t\u00eb gjat\u00eb n\u00eb sh\u00ebrbim t\u00eb qytetar\u00ebve. Prof. Asoc. Donjeta Bali ka 23 vite q\u00eb ushtron detyr\u00ebn si mjeke pediatre onkohematologe n\u00eb sh\u00ebrbimin e Onko-Hematologjis\u00eb Pediatrike pran\u00eb QSUT-s\u00eb.<\/p>\n<p>P\u00ebrve\u00e7 p\u00ebrkushtimit n\u00eb korridoret e spitalit, dr. Bali \u00ebsht\u00eb e njohur edhe n\u00eb rrjetet sociale, p\u00ebrmes profilit t\u00eb vajz\u00ebs s\u00eb saj, Keishli, nj\u00eb nga influencieret m\u00eb t\u00eb ndjekura n\u00eb Shqip\u00ebri.<\/p>\n<p>Keishli ka ndar\u00eb shpesh me ndjek\u00ebsit momente me n\u00ebn\u00ebn e saj, duke treguar se dy vajzat e saj t\u00eb vogla, Solen dhe Azura, jan\u00eb ndjekur nga vet\u00eb gjyshja e tyre, dr. Donjeta Bali.<\/p>\n<p>Madje, ajo ka postuar her\u00eb pas here edhe mesazhe mir\u00ebnjohjeje nga n\u00ebna t\u00eb tjera, t\u00eb cilat kan\u00eb vler\u00ebsuar profesionalizmin dhe p\u00ebrkushtimin e doktoresh\u00ebs Bali n\u00eb kujdesin ndaj f\u00ebmij\u00ebve.<\/p>\n<p>M\u00eb her\u00ebt edhe ish-ministrja Ogerta Manastirliu ka shprehur konsiderat\u00ebn e lart\u00eb p\u00ebr drejtoresh\u00ebn e re t\u00eb QSUT-s\u00eb.<\/p>\n<p><img loading=\"lazy\" decoding=\"async\" class=\"wp-image-21520 alignnone size-full\" src=\"https:\/\/blogseyir.com\/wp\/wp-content\/uploads\/2025\/05\/image-22-8.jpg\" alt=\"\" width=\"727\" height=\"750\" \/><\/p>\n<p>\u201cKush e njeh dr. Donjet\u00ebn, e di se puna e saj, por edhe dashuria p\u00ebr t\u00eb vegjlit me s\u00ebmundje t\u00eb r\u00ebnda t\u00eb gjakut, \u00ebsht\u00eb e pakursyer. Prof. asoc. Donjeta Bali sh\u00ebrben prej 21 vitesh si mjeke Pediatre Onkohematologe n\u00eb sh\u00ebrbimin delikat t\u00eb Onko-Hematologjis\u00eb Pediatrike n\u00eb Qendra Spitalore Universitare \u201cN\u00ebn\u00eb Tereza\u201d Tiran\u00eb, ku bashk\u00eb me t\u00eb gjith\u00eb stafin, b\u00ebjn\u00eb t\u00eb pamundur\u00ebn, q\u00eb sh\u00ebrbimi p\u00ebr k\u00ebta f\u00ebmij\u00eb t\u00eb jet\u00eb i gjithansh\u00ebm, n\u00eb p\u00ebrpjekjen e p\u00ebrditshme p\u00ebr t\u00eb shp\u00ebtuar jet\u00eb\u201d, tha Manastirliu dy vite m\u00eb par\u00eb.<\/p>\n<p><img loading=\"lazy\" decoding=\"async\" class=\"wp-image-21521 alignnone size-full\" src=\"https:\/\/blogseyir.com\/wp\/wp-content\/uploads\/2025\/05\/image-22-9.jpg\" alt=\"\" width=\"750\" height=\"557\" \/><\/p>\n<div id=\"blogs-70689627\" class=\"blogs-after-content blogs-entity-placement\"><div id=\"div-gpt-ad-1770230601260-0\" style=\"width:300px; height:600px;\"><\/div><\/div><div id=\"blogs-635392267\" class=\"blogs-adsense-after-kontent blogs-entity-placement\"><script async src=\"https:\/\/pagead2.googlesyndication.com\/pagead\/js\/adsbygoogle.js\"\r\n     crossorigin=\"anonymous\"><\/script>\r\n<!-- Tiranaread -->\r\n<ins class=\"adsbygoogle\"\r\n     style=\"display:inline-block;width:728px;height:90px\"\r\n     data-ad-client=\"ca-pub-2355142065052501\"\r\n\t data-page-url=\"https:\/\/blogseyir.com\"\r\n     data-ad-slot=\"7464751963\"><\/ins>\r\n<script>\r\n     (adsbygoogle = window.adsbygoogle || []).push({});\r\n<\/script><\/div>","protected":false},"excerpt":{"rendered":"<p>Nj dit\u00eb m\u00eb par\u00eb u b\u00eb publike dor\u00ebheqja e Alma Canit nga posti i drejtoresh\u00ebs s\u00eb Qendr\u00ebs Spitalore Universitare \u201cN\u00ebn\u00eb Tereza\u201d. Pas nj\u00eb periudhe 14-mujore n\u00eb krye t\u00eb k\u00ebtij institucioni, Cani vendosi t\u00eb largohej nga detyra. N\u00eb vend t\u00eb saj \u00ebsht\u00eb em\u00ebruar mjekja Donjeta Bali, nj\u00eb profesioniste e njohur dhe e respektuar me nj\u00eb karrier\u00eb [&hellip;]<\/p>\n","protected":false},"author":1,"featured_media":22574,"comment_status":"open","ping_status":"closed","sticky":false,"template":"","format":"standard","meta":{"footnotes":""},"categories":[32],"tags":[1022,1023,533],"class_list":["post-22577","post","type-post","status-publish","format-standard","has-post-thumbnail","hentry","category-te-fundit","tag-alma-cani","tag-keishli","tag-qsut"],"_links":{"self":[{"href":"https:\/\/blogseyir.com\/wp\/wp-json\/wp\/v2\/posts\/22577","targetHints":{"allow":["GET"]}}],"collection":[{"href":"https:\/\/blogseyir.com\/wp\/wp-json\/wp\/v2\/posts"}],"about":[{"href":"https:\/\/blogseyir.com\/wp\/wp-json\/wp\/v2\/types\/post"}],"author":[{"embeddable":true,"href":"https:\/\/blogseyir.com\/wp\/wp-json\/wp\/v2\/users\/1"}],"replies":[{"embeddable":true,"href":"https:\/\/blogseyir.com\/wp\/wp-json\/wp\/v2\/comments?post=22577"}],"version-history":[{"count":1,"href":"https:\/\/blogseyir.com\/wp\/wp-json\/wp\/v2\/posts\/22577\/revisions"}],"predecessor-version":[{"id":22578,"href":"https:\/\/blogseyir.com\/wp\/wp-json\/wp\/v2\/posts\/22577\/revisions\/22578"}],"wp:featuredmedia":[{"embeddable":true,"href":"https:\/\/blogseyir.com\/wp\/wp-json\/wp\/v2\/media\/22574"}],"wp:attachment":[{"href":"https:\/\/blogseyir.com\/wp\/wp-json\/wp\/v2\/media?parent=22577"}],"wp:term":[{"taxonomy":"category","embeddable":true,"href":"https:\/\/blogseyir.com\/wp\/wp-json\/wp\/v2\/categories?post=22577"},{"taxonomy":"post_tag","embeddable":true,"href":"https:\/\/blogseyir.com\/wp\/wp-json\/wp\/v2\/tags?post=22577"}],"curies":[{"name":"wp","href":"https:\/\/api.w.org\/{rel}","templated":true}]}}