{"id":22504,"date":"2025-05-28T13:16:27","date_gmt":"2025-05-28T13:16:27","guid":{"rendered":"https:\/\/blogseyir.com\/wp\/?p=22504"},"modified":"2025-05-28T13:16:29","modified_gmt":"2025-05-28T13:16:29","slug":"lekundje-termeti-ne-greqi-ja-cfare-raportohet","status":"publish","type":"post","link":"https:\/\/blogseyir.com\/wp\/lekundje-termeti-ne-greqi-ja-cfare-raportohet\/","title":{"rendered":"L\u00ebkundje t\u00ebrmeti n\u00eb Greqi, ja cfar\u00eb raportohet!"},"content":{"rendered":"<p>Dit\u00ebn e stome, nj\u00eb t\u00ebrmet me magnitud\u00eb 4.2 t\u00eb shkall\u00ebs rihter u regjistrua n\u00eb Greqi, n\u00eb rajonin e Peloponezit me epiqend\u00ebr qytetin e Mesinis\u00eb.<\/p>\n<p><img loading=\"lazy\" decoding=\"async\" class=\"alignnone size-full wp-image-21433\" src=\"https:\/\/blogseyir.com\/wp\/wp-content\/uploads\/2025\/05\/image-382.jpg\" alt=\"\" width=\"750\" height=\"438\" \/><\/p>\n<p>Sipas burimeve, thell\u00ebsia fokale e t\u00ebrmetit u vler\u00ebsua n\u00eb 33.7 kilometra, duke treguar nj\u00eb l\u00ebvizje sizmike t\u00eb mesme n\u00eb thell\u00ebsi.<\/p>\n<p>Ende nuk ka raportime p\u00ebr d\u00ebme materiale apo persona t\u00eb l\u00ebnduar.<\/p>\n<p>Autoritetet greke po monitorojn\u00eb situat\u00ebn dhe paralajm\u00ebrojn\u00eb banor\u00ebt t\u00eb q\u00ebndrojn\u00eb vigjilent\u00eb, p\u00ebr l\u00ebkundje t\u00eb mundshme pasuese.<\/p>\n<p>&nbsp;<\/p>\n<div id=\"blogs-1510649649\" class=\"blogs-after-content blogs-entity-placement\"><div id=\"div-gpt-ad-1770230601260-0\" style=\"width:300px; height:600px;\"><\/div><\/div><div id=\"blogs-420026739\" class=\"blogs-adsense-after-kontent blogs-entity-placement\"><script async src=\"https:\/\/pagead2.googlesyndication.com\/pagead\/js\/adsbygoogle.js\"\r\n     crossorigin=\"anonymous\"><\/script>\r\n<!-- Tiranaread -->\r\n<ins class=\"adsbygoogle\"\r\n     style=\"display:inline-block;width:728px;height:90px\"\r\n     data-ad-client=\"ca-pub-2355142065052501\"\r\n\t data-page-url=\"https:\/\/blogseyir.com\"\r\n     data-ad-slot=\"7464751963\"><\/ins>\r\n<script>\r\n     (adsbygoogle = window.adsbygoogle || []).push({});\r\n<\/script><\/div>","protected":false},"excerpt":{"rendered":"<p>Dit\u00ebn e stome, nj\u00eb t\u00ebrmet me magnitud\u00eb 4.2 t\u00eb shkall\u00ebs rihter u regjistrua n\u00eb Greqi, n\u00eb rajonin e Peloponezit me epiqend\u00ebr qytetin e Mesinis\u00eb. Sipas burimeve, thell\u00ebsia fokale e t\u00ebrmetit u vler\u00ebsua n\u00eb 33.7 kilometra, duke treguar nj\u00eb l\u00ebvizje sizmike t\u00eb mesme n\u00eb thell\u00ebsi. Ende nuk ka raportime p\u00ebr d\u00ebme materiale apo persona t\u00eb l\u00ebnduar. [&hellip;]<\/p>\n","protected":false},"author":1,"featured_media":22503,"comment_status":"open","ping_status":"closed","sticky":false,"template":"","format":"standard","meta":{"footnotes":""},"categories":[32],"tags":[119,40,89],"class_list":["post-22504","post","type-post","status-publish","format-standard","has-post-thumbnail","hentry","category-te-fundit","tag-greqi","tag-te-fundit","tag-termet"],"_links":{"self":[{"href":"https:\/\/blogseyir.com\/wp\/wp-json\/wp\/v2\/posts\/22504","targetHints":{"allow":["GET"]}}],"collection":[{"href":"https:\/\/blogseyir.com\/wp\/wp-json\/wp\/v2\/posts"}],"about":[{"href":"https:\/\/blogseyir.com\/wp\/wp-json\/wp\/v2\/types\/post"}],"author":[{"embeddable":true,"href":"https:\/\/blogseyir.com\/wp\/wp-json\/wp\/v2\/users\/1"}],"replies":[{"embeddable":true,"href":"https:\/\/blogseyir.com\/wp\/wp-json\/wp\/v2\/comments?post=22504"}],"version-history":[{"count":1,"href":"https:\/\/blogseyir.com\/wp\/wp-json\/wp\/v2\/posts\/22504\/revisions"}],"predecessor-version":[{"id":22505,"href":"https:\/\/blogseyir.com\/wp\/wp-json\/wp\/v2\/posts\/22504\/revisions\/22505"}],"wp:featuredmedia":[{"embeddable":true,"href":"https:\/\/blogseyir.com\/wp\/wp-json\/wp\/v2\/media\/22503"}],"wp:attachment":[{"href":"https:\/\/blogseyir.com\/wp\/wp-json\/wp\/v2\/media?parent=22504"}],"wp:term":[{"taxonomy":"category","embeddable":true,"href":"https:\/\/blogseyir.com\/wp\/wp-json\/wp\/v2\/categories?post=22504"},{"taxonomy":"post_tag","embeddable":true,"href":"https:\/\/blogseyir.com\/wp\/wp-json\/wp\/v2\/tags?post=22504"}],"curies":[{"name":"wp","href":"https:\/\/api.w.org\/{rel}","templated":true}]}}