{"id":22032,"date":"2025-05-22T14:44:16","date_gmt":"2025-05-22T14:44:16","guid":{"rendered":"https:\/\/blogseyir.com\/wp\/?p=22032"},"modified":"2025-05-22T14:44:17","modified_gmt":"2025-05-22T14:44:17","slug":"nje-rrefim-tr0ndites-egli-tako-hap-zemren-dhe-mendjen-te-grida-duma","status":"publish","type":"post","link":"https:\/\/blogseyir.com\/wp\/nje-rrefim-tr0ndites-egli-tako-hap-zemren-dhe-mendjen-te-grida-duma\/","title":{"rendered":"Nj\u00eb rr\u00ebfim &#8216;TR0NDITES&#8217;, Egli Tako hap zemr\u00ebn dhe mendjen te Grida Duma!"},"content":{"rendered":"<p>N\u00eb emisionin e saj \u201cTop Story\u201d,<\/p>\n<p><img loading=\"lazy\" decoding=\"async\" class=\"alignnone size-full wp-image-20768\" src=\"https:\/\/blogseyir.com\/wp\/wp-content\/uploads\/2025\/05\/image-317.jpg\" alt=\"\" width=\"750\" height=\"472\" \/><\/p>\n<p>Grida Duma ka trajtuar \u00e7\u00ebshtjen e sh\u00ebndetit mendor,<\/p>\n<p>duke ve\u00e7uar rr\u00ebfimin e Egli Takos p\u00ebr p\u00ebrjetimin e saj me atak paniku gjat\u00eb pjes\u00ebmarrjes n\u00eb \u201cBig Brother VIP Albania\u201d.<\/p>\n<p>Grida, nd\u00ebr t\u00eb tjera, ka theksuar se vendimi i Eglit p\u00ebr t\u00eb ndar\u00eb historin\u00eb e saj dhe p\u00ebr t\u00eb qen\u00eb e sinqert\u00eb n\u00eb nj\u00eb reality show \u00ebsht\u00eb nj\u00eb veprim q\u00eb meriton vler\u00ebsim, shkruan \u201cKosovarja\u201d.<\/p>\n<p>\u201cNj\u00eb nga personazhet e k\u00ebtij \u2018Big Brother\u2019 q\u00eb ka t\u00ebrhequr v\u00ebmendjen deri n\u00eb nivele t\u00eb larta t\u00eb reagimeve, nd\u00ebrgjegj\u00ebsimeve, Egli Tako k\u00ebt\u00eb e ka kthyer edhe n\u00eb nj\u00eb kauz t\u00eb vet\u00eb, q\u00eb shkon shum\u00eb kur personi \u00ebsht\u00eb i v\u00ebrtet, vijon t\u00eb jet\u00eb i v\u00ebrtet, \u00ebsht\u00eb forc\u00eb absolute ajo q\u00eb n\u00eb publik ta besh k\u00ebt\u00eb, q\u00eb shkon n\u00eb kund\u00ebrshtim me pamjet e para, sepse t\u2019i shikon nj\u00eb vajz\u00eb q\u00eb \u00ebsht\u00eb e palestruar dhe \u00ebsht\u00eb publike edhe me par\u00eb\u201d ishin fjal\u00ebt e Dum\u00ebs.<\/p>\n<p>Gjat\u00eb q\u00ebndrimit t\u00eb saj, Egli tregoi disa m\u00ebnyra se si p\u00ebrpiqej t\u00eb leht\u00ebsonte dhe t\u00eb p\u00ebrballonte problemet me sh\u00ebndetin mendor.<\/p>\n<div id=\"blogs-823584383\" class=\"blogs-after-content blogs-entity-placement\"><div id=\"div-gpt-ad-1770230601260-0\" style=\"width:300px; height:600px;\"><\/div><\/div><div id=\"blogs-3889259399\" class=\"blogs-adsense-after-kontent blogs-entity-placement\"><script async src=\"https:\/\/pagead2.googlesyndication.com\/pagead\/js\/adsbygoogle.js\"\r\n     crossorigin=\"anonymous\"><\/script>\r\n<!-- Tiranaread -->\r\n<ins class=\"adsbygoogle\"\r\n     style=\"display:inline-block;width:728px;height:90px\"\r\n     data-ad-client=\"ca-pub-2355142065052501\"\r\n\t data-page-url=\"https:\/\/blogseyir.com\"\r\n     data-ad-slot=\"7464751963\"><\/ins>\r\n<script>\r\n     (adsbygoogle = window.adsbygoogle || []).push({});\r\n<\/script><\/div>","protected":false},"excerpt":{"rendered":"<p>N\u00eb emisionin e saj \u201cTop Story\u201d, Grida Duma ka trajtuar \u00e7\u00ebshtjen e sh\u00ebndetit mendor, duke ve\u00e7uar rr\u00ebfimin e Egli Takos p\u00ebr p\u00ebrjetimin e saj me atak paniku gjat\u00eb pjes\u00ebmarrjes n\u00eb \u201cBig Brother VIP Albania\u201d. Grida, nd\u00ebr t\u00eb tjera, ka theksuar se vendimi i Eglit p\u00ebr t\u00eb ndar\u00eb historin\u00eb e saj dhe p\u00ebr t\u00eb qen\u00eb e [&hellip;]<\/p>\n","protected":false},"author":1,"featured_media":22031,"comment_status":"open","ping_status":"closed","sticky":false,"template":"","format":"standard","meta":{"footnotes":""},"categories":[32],"tags":[206,144],"class_list":["post-22032","post","type-post","status-publish","format-standard","has-post-thumbnail","hentry","category-te-fundit","tag-egli-tako","tag-grida-duma"],"_links":{"self":[{"href":"https:\/\/blogseyir.com\/wp\/wp-json\/wp\/v2\/posts\/22032","targetHints":{"allow":["GET"]}}],"collection":[{"href":"https:\/\/blogseyir.com\/wp\/wp-json\/wp\/v2\/posts"}],"about":[{"href":"https:\/\/blogseyir.com\/wp\/wp-json\/wp\/v2\/types\/post"}],"author":[{"embeddable":true,"href":"https:\/\/blogseyir.com\/wp\/wp-json\/wp\/v2\/users\/1"}],"replies":[{"embeddable":true,"href":"https:\/\/blogseyir.com\/wp\/wp-json\/wp\/v2\/comments?post=22032"}],"version-history":[{"count":1,"href":"https:\/\/blogseyir.com\/wp\/wp-json\/wp\/v2\/posts\/22032\/revisions"}],"predecessor-version":[{"id":22033,"href":"https:\/\/blogseyir.com\/wp\/wp-json\/wp\/v2\/posts\/22032\/revisions\/22033"}],"wp:featuredmedia":[{"embeddable":true,"href":"https:\/\/blogseyir.com\/wp\/wp-json\/wp\/v2\/media\/22031"}],"wp:attachment":[{"href":"https:\/\/blogseyir.com\/wp\/wp-json\/wp\/v2\/media?parent=22032"}],"wp:term":[{"taxonomy":"category","embeddable":true,"href":"https:\/\/blogseyir.com\/wp\/wp-json\/wp\/v2\/categories?post=22032"},{"taxonomy":"post_tag","embeddable":true,"href":"https:\/\/blogseyir.com\/wp\/wp-json\/wp\/v2\/tags?post=22032"}],"curies":[{"name":"wp","href":"https:\/\/api.w.org\/{rel}","templated":true}]}}