{"id":21996,"date":"2025-05-22T11:05:53","date_gmt":"2025-05-22T11:05:53","guid":{"rendered":"https:\/\/blogseyir.com\/wp\/?p=21996"},"modified":"2025-05-22T11:05:55","modified_gmt":"2025-05-22T11:05:55","slug":"lajm-i-pabesueshem-edi-rama-i-prekur-nga-ikja-e-parakoheshme-e-artan-lames-ja-mesazhi-i-tij-ngushellues","status":"publish","type":"post","link":"https:\/\/blogseyir.com\/wp\/lajm-i-pabesueshem-edi-rama-i-prekur-nga-ikja-e-parakoheshme-e-artan-lames-ja-mesazhi-i-tij-ngushellues\/","title":{"rendered":"&#8216;Lajm i pabesuesh\u00ebm&#8230;&#8217; Edi Rama i prekur nga ikja e parakoh\u00ebshme e Artan Lam\u00ebs! Ja mesazhi i tij ngush\u00ebllues"},"content":{"rendered":"<p>Kryeministri Edi Rama ka shprehur ngush\u00ebllimet p\u00ebr ndarjen e befasishme nga jeta t\u00eb ish-kreut t\u00eb kadastr\u00ebs, Artan Lame, pas nj\u00eb operacioni n\u00eb zemer<\/p>\n<p><img loading=\"lazy\" decoding=\"async\" class=\"alignnone size-full wp-image-20720\" src=\"https:\/\/blogseyir.com\/wp\/wp-content\/uploads\/2025\/05\/image-311.jpg\" alt=\"\" width=\"750\" height=\"460\" \/><\/p>\n<p>\u201cLajm i pabesuesh\u00ebm, por fatkeq\u00ebsisht i v\u00ebrtet\u00eb\u201d, ka shkruar kreu i qeveris\u00eb, nd\u00ebrsa i ka shprehur ngush\u00ebllimet bashk\u00ebshortes s\u00eb Lames, Mirel\u00ebs, djalit t\u00eb tyre dhe familjes.<\/p>\n<p>\u201cI pabesuesh\u00ebm, po fatkeq\u00ebsisht i v\u00ebrtet\u00eb lajmi i befasish\u00ebm i ndarjes nga jeta t\u00eb Artan Lames. Jam pa fjal\u00eb. Ngush\u00ebllime Mirel\u00ebs, djalit t\u00eb tyre dhe familjes e shok\u00ebve t\u00eb p\u00ebrbashk\u00ebt\ud83d\udc94\u201d, shkruan Rama.<\/p>\n<p>M\u00ebsohet se Artan Lame, 58 vje\u00e7, humbi jet\u00ebn pas nj\u00eb nd\u00ebhyrje kirurgjikale t\u00eb v\u00ebshtir\u00eb n\u00eb zem\u00ebr, pas daljes nga gjendja e kom\u00ebs.<\/p>\n<p>Gjat\u00eb karrier\u00ebs s\u00eb tij, Artan Lame ka mbajtur pozita t\u00eb r\u00ebnd\u00ebsishme, p\u00ebrfshir\u00eb ato si z\u00ebvend\u00ebsminist\u00ebr dhe drejtor i Agjencis\u00eb s\u00eb Kadastr\u00ebs dhe Legalizimeve.<\/p>\n<p>Lame ka qen\u00eb gjithashtu nj\u00eb publicist, opinionist, studiues i historis\u00eb shqiptare dhe nj\u00eb veprimtar i angazhuar p\u00ebr mbrojtjen e trash\u00ebgimis\u00eb kulturore t\u00eb vendit.<\/p>\n<p>I lindur n\u00eb Tiran\u00eb n\u00eb vitin 1967 dhe me origjin\u00eb nga fshati Qytez\u00eb i Kolonj\u00ebs, Artan Lame ka l\u00ebn\u00eb gjurm\u00eb t\u00eb thella si pjes\u00eb e shoq\u00ebris\u00eb civile dhe si funksionar publik, duke kontribuar n\u00eb zhvillimin dhe ruajtjen e pasurive kulturore t\u00eb Shqip\u00ebris\u00eb.<\/p>\n<div id=\"blogs-4050218410\" class=\"blogs-after-content blogs-entity-placement\"><div id=\"div-gpt-ad-1770230601260-0\" style=\"width:300px; height:600px;\"><\/div><\/div><div id=\"blogs-3149875072\" class=\"blogs-adsense-after-kontent blogs-entity-placement\"><script async src=\"https:\/\/pagead2.googlesyndication.com\/pagead\/js\/adsbygoogle.js\"\r\n     crossorigin=\"anonymous\"><\/script>\r\n<!-- Tiranaread -->\r\n<ins class=\"adsbygoogle\"\r\n     style=\"display:inline-block;width:728px;height:90px\"\r\n     data-ad-client=\"ca-pub-2355142065052501\"\r\n\t data-page-url=\"https:\/\/blogseyir.com\"\r\n     data-ad-slot=\"7464751963\"><\/ins>\r\n<script>\r\n     (adsbygoogle = window.adsbygoogle || []).push({});\r\n<\/script><\/div>","protected":false},"excerpt":{"rendered":"<p>Kryeministri Edi Rama ka shprehur ngush\u00ebllimet p\u00ebr ndarjen e befasishme nga jeta t\u00eb ish-kreut t\u00eb kadastr\u00ebs, Artan Lame, pas nj\u00eb operacioni n\u00eb zemer \u201cLajm i pabesuesh\u00ebm, por fatkeq\u00ebsisht i v\u00ebrtet\u00eb\u201d, ka shkruar kreu i qeveris\u00eb, nd\u00ebrsa i ka shprehur ngush\u00ebllimet bashk\u00ebshortes s\u00eb Lames, Mirel\u00ebs, djalit t\u00eb tyre dhe familjes. \u201cI pabesuesh\u00ebm, po fatkeq\u00ebsisht i v\u00ebrtet\u00eb [&hellip;]<\/p>\n","protected":false},"author":1,"featured_media":21995,"comment_status":"open","ping_status":"closed","sticky":false,"template":"","format":"standard","meta":{"footnotes":""},"categories":[32],"tags":[992,342],"class_list":["post-21996","post","type-post","status-publish","format-standard","has-post-thumbnail","hentry","category-te-fundit","tag-artan-lame","tag-edi-rama"],"_links":{"self":[{"href":"https:\/\/blogseyir.com\/wp\/wp-json\/wp\/v2\/posts\/21996","targetHints":{"allow":["GET"]}}],"collection":[{"href":"https:\/\/blogseyir.com\/wp\/wp-json\/wp\/v2\/posts"}],"about":[{"href":"https:\/\/blogseyir.com\/wp\/wp-json\/wp\/v2\/types\/post"}],"author":[{"embeddable":true,"href":"https:\/\/blogseyir.com\/wp\/wp-json\/wp\/v2\/users\/1"}],"replies":[{"embeddable":true,"href":"https:\/\/blogseyir.com\/wp\/wp-json\/wp\/v2\/comments?post=21996"}],"version-history":[{"count":1,"href":"https:\/\/blogseyir.com\/wp\/wp-json\/wp\/v2\/posts\/21996\/revisions"}],"predecessor-version":[{"id":21997,"href":"https:\/\/blogseyir.com\/wp\/wp-json\/wp\/v2\/posts\/21996\/revisions\/21997"}],"wp:featuredmedia":[{"embeddable":true,"href":"https:\/\/blogseyir.com\/wp\/wp-json\/wp\/v2\/media\/21995"}],"wp:attachment":[{"href":"https:\/\/blogseyir.com\/wp\/wp-json\/wp\/v2\/media?parent=21996"}],"wp:term":[{"taxonomy":"category","embeddable":true,"href":"https:\/\/blogseyir.com\/wp\/wp-json\/wp\/v2\/categories?post=21996"},{"taxonomy":"post_tag","embeddable":true,"href":"https:\/\/blogseyir.com\/wp\/wp-json\/wp\/v2\/tags?post=21996"}],"curies":[{"name":"wp","href":"https:\/\/api.w.org\/{rel}","templated":true}]}}