{"id":21952,"date":"2025-05-21T19:23:06","date_gmt":"2025-05-21T19:23:06","guid":{"rendered":"https:\/\/blogseyir.com\/wp\/?p=21952"},"modified":"2025-05-21T19:23:07","modified_gmt":"2025-05-21T19:23:07","slug":"si-eshte-marredhenia-e-tyre-neda-balluku-ka-dy-fjale-per-arber-hajdarin","status":"publish","type":"post","link":"https:\/\/blogseyir.com\/wp\/si-eshte-marredhenia-e-tyre-neda-balluku-ka-dy-fjale-per-arber-hajdarin\/","title":{"rendered":"Si \u00ebsht\u00eb marr\u00ebdh\u00ebnia e tyre? Neda Balluku ka dy fjal\u00eb p\u00ebr Arb\u00ebr Hajdarin"},"content":{"rendered":"<p>Pas p\u00ebrfundimit t\u00eb eksperienc\u00ebs n\u00eb \u201cBig Brother VIP\u201d, Neda Balluku ka folur hapur p\u00ebr raportin e saj me Arbrin, i cili ka vijuar edhe jasht\u00eb sht\u00ebpis\u00eb m\u00eb t\u00eb famshme n\u00eb Shqip\u00ebri.<\/p>\n<p><img loading=\"lazy\" decoding=\"async\" class=\"alignnone size-full wp-image-20661\" src=\"https:\/\/blogseyir.com\/wp\/wp-content\/uploads\/2025\/05\/image-305.jpg\" alt=\"\" width=\"750\" height=\"456\" \/><\/p>\n<p>E ftuar n\u00eb emisionin \u201cFtes\u00eb n\u00eb 5\u201d, Neda rr\u00ebfeu se e konsideron Arbrin nj\u00eb nga fitimet m\u00eb t\u00eb m\u00ebdha t\u00eb eksperienc\u00ebs n\u00eb Big Brother. \u201cM\u00eb ngjan shum\u00eb\u2026 m\u00eb ka pritur me nj\u00eb qasje shum\u00eb pozitive q\u00eb n\u00eb momentin e par\u00eb,\u201d tha ajo, duke shtuar se lidhja mes tyre \u00ebsht\u00eb kthyer n\u00eb nj\u00eb miq\u00ebsi t\u00eb v\u00ebrtet\u00eb.<\/p>\n<p>Edhe pse kan\u00eb pasur diskutime brenda sht\u00ebpis\u00eb, Neda theksoi se pas \u00e7do debati, ata vazhdonin t\u00eb ndanin momente miq\u00ebsore: \u201cPinim kafen bashk\u00eb, flisnim p\u00ebr f\u00ebmij\u00ebt, pasionet, jet\u00ebn jasht\u00eb Big Brother. Kjo tregon profesionaliz\u00ebm, por edhe nj\u00eb lidhje njer\u00ebzore shum\u00eb t\u00eb past\u00ebr.\u201d<\/p>\n<p>Sipas Ned\u00ebs, Arbri ka treguar gjithmon\u00eb respekt dhe dashamir\u00ebsi ndaj saj. \u201cE ndieja q\u00eb m\u00eb respektonte dhe nuk ma kursente kurr\u00eb k\u00ebt\u00eb ndjesi,\u201d p\u00ebrfundoi ajo.<\/p>\n<p>&nbsp;<\/p>\n<p><iframe loading=\"lazy\" title=\"Neda Balluku: S\u2019jam hipokrite! Arbri m\u00eb ngjan shum\u00eb mua! - Ftes\u00eb n\u00eb 5\" width=\"500\" height=\"281\" src=\"https:\/\/www.youtube.com\/embed\/mNNNGQdVfos?feature=oembed\" frameborder=\"0\" allow=\"accelerometer; autoplay; clipboard-write; encrypted-media; gyroscope; picture-in-picture; web-share\" referrerpolicy=\"strict-origin-when-cross-origin\" allowfullscreen><\/iframe><\/p>\n<div id=\"blogs-4271145285\" class=\"blogs-after-content blogs-entity-placement\"><div id=\"div-gpt-ad-1770230601260-0\" style=\"width:300px; height:600px;\"><\/div><\/div><div id=\"blogs-3408774534\" class=\"blogs-adsense-after-kontent blogs-entity-placement\"><script async src=\"https:\/\/pagead2.googlesyndication.com\/pagead\/js\/adsbygoogle.js\"\r\n     crossorigin=\"anonymous\"><\/script>\r\n<!-- Tiranaread -->\r\n<ins class=\"adsbygoogle\"\r\n     style=\"display:inline-block;width:728px;height:90px\"\r\n     data-ad-client=\"ca-pub-2355142065052501\"\r\n\t data-page-url=\"https:\/\/blogseyir.com\"\r\n     data-ad-slot=\"7464751963\"><\/ins>\r\n<script>\r\n     (adsbygoogle = window.adsbygoogle || []).push({});\r\n<\/script><\/div>","protected":false},"excerpt":{"rendered":"<p>Pas p\u00ebrfundimit t\u00eb eksperienc\u00ebs n\u00eb \u201cBig Brother VIP\u201d, Neda Balluku ka folur hapur p\u00ebr raportin e saj me Arbrin, i cili ka vijuar edhe jasht\u00eb sht\u00ebpis\u00eb m\u00eb t\u00eb famshme n\u00eb Shqip\u00ebri. E ftuar n\u00eb emisionin \u201cFtes\u00eb n\u00eb 5\u201d, Neda rr\u00ebfeu se e konsideron Arbrin nj\u00eb nga fitimet m\u00eb t\u00eb m\u00ebdha t\u00eb eksperienc\u00ebs n\u00eb Big Brother. [&hellip;]<\/p>\n","protected":false},"author":1,"featured_media":21951,"comment_status":"open","ping_status":"closed","sticky":false,"template":"","format":"standard","meta":{"footnotes":""},"categories":[32],"tags":[377,468],"class_list":["post-21952","post","type-post","status-publish","format-standard","has-post-thumbnail","hentry","category-te-fundit","tag-arber-hajdari","tag-neda-balluku"],"_links":{"self":[{"href":"https:\/\/blogseyir.com\/wp\/wp-json\/wp\/v2\/posts\/21952","targetHints":{"allow":["GET"]}}],"collection":[{"href":"https:\/\/blogseyir.com\/wp\/wp-json\/wp\/v2\/posts"}],"about":[{"href":"https:\/\/blogseyir.com\/wp\/wp-json\/wp\/v2\/types\/post"}],"author":[{"embeddable":true,"href":"https:\/\/blogseyir.com\/wp\/wp-json\/wp\/v2\/users\/1"}],"replies":[{"embeddable":true,"href":"https:\/\/blogseyir.com\/wp\/wp-json\/wp\/v2\/comments?post=21952"}],"version-history":[{"count":1,"href":"https:\/\/blogseyir.com\/wp\/wp-json\/wp\/v2\/posts\/21952\/revisions"}],"predecessor-version":[{"id":21953,"href":"https:\/\/blogseyir.com\/wp\/wp-json\/wp\/v2\/posts\/21952\/revisions\/21953"}],"wp:featuredmedia":[{"embeddable":true,"href":"https:\/\/blogseyir.com\/wp\/wp-json\/wp\/v2\/media\/21951"}],"wp:attachment":[{"href":"https:\/\/blogseyir.com\/wp\/wp-json\/wp\/v2\/media?parent=21952"}],"wp:term":[{"taxonomy":"category","embeddable":true,"href":"https:\/\/blogseyir.com\/wp\/wp-json\/wp\/v2\/categories?post=21952"},{"taxonomy":"post_tag","embeddable":true,"href":"https:\/\/blogseyir.com\/wp\/wp-json\/wp\/v2\/tags?post=21952"}],"curies":[{"name":"wp","href":"https:\/\/api.w.org\/{rel}","templated":true}]}}