{"id":21940,"date":"2025-05-21T18:11:39","date_gmt":"2025-05-21T18:11:39","guid":{"rendered":"https:\/\/blogseyir.com\/wp\/?p=21940"},"modified":"2025-05-21T18:11:40","modified_gmt":"2025-05-21T18:11:40","slug":"isha-gati-per-te-qare-kiara-tito-rrefen-momentin-e-veshtire-ne-portokalli-ja-cfare-i-paska-ndodhur","status":"publish","type":"post","link":"https:\/\/blogseyir.com\/wp\/isha-gati-per-te-qare-kiara-tito-rrefen-momentin-e-veshtire-ne-portokalli-ja-cfare-i-paska-ndodhur\/","title":{"rendered":"&#8216;Isha gati p\u00ebr t\u00eb qar\u00eb&#8230;&#8217; Kiara Tito rr\u00ebfen momentin e v\u00ebshtir\u00eb n\u00eb Portokalli, ja cfar\u00eb i paska ndodhur"},"content":{"rendered":"<p>Moderatorja dhe aktorja e njohur Kiara Tito ka ndar\u00eb nj\u00eb moment t\u00eb v\u00ebshtir\u00eb nga eksperienca e saj n\u00eb spektaklin humoristik \u201cPortokalli\u201d.<\/p>\n<p><img loading=\"lazy\" decoding=\"async\" class=\"alignnone size-full wp-image-20648\" src=\"https:\/\/blogseyir.com\/wp\/wp-content\/uploads\/2025\/05\/image-303.jpg\" alt=\"\" width=\"750\" height=\"510\" \/><\/p>\n<p>E ftuar n\u00eb emisionin \u201cNdryshe\u201d n\u00eb \u201cTop Albania Radio\u201d, ajo tregoi p\u00ebr sfidat q\u00eb ka p\u00ebrjetuar n\u00eb fillimet e saj n\u00eb k\u00ebt\u00eb format t\u00eb njohur.<\/p>\n<p>\u201cPjesa m\u00eb e v\u00ebshtir\u00eb ishte n\u00eb momentin para se t\u00eb dilja n\u00eb sken\u00eb,\u201d tha Kiara. \u201cKemi disa dalje, nuk dalim gjithmon\u00eb nga i nj\u00ebjti vend. K\u00ebta ishin m\u00ebsuar, por shpejt\u00ebsia q\u00eb duhet t\u00eb dilje nga nj\u00eb cep n\u00eb tjetrin, m\u00eb \u00e7akordoi fare dhe desh m\u00eb kapi nj\u00eb e qar\u00eb n\u00eb backstage se nuk dija nga t\u00eb dilja. Nj\u00ebri m\u00eb thoshte djathtas, tjetri majtas, duhet t\u00eb kujtoja edhe tekstin\u2026\u201d<\/p>\n<p>Kiara shtoi se me kalimin e koh\u00ebs u ambientua me ritmin e shpejt\u00eb t\u00eb sken\u00ebs dhe u p\u00ebrshtat me dinamik\u00ebn e spektaklit, por ky moment mbetet nj\u00eb nga m\u00eb sfiduesit n\u00eb karrier\u00ebn e saj n\u00eb televizion.<\/p>\n<div id=\"blogs-3153455085\" class=\"blogs-adsense-after-kontent blogs-entity-placement\"><script async src=\"https:\/\/pagead2.googlesyndication.com\/pagead\/js\/adsbygoogle.js\"\r\n     crossorigin=\"anonymous\"><\/script>\r\n<!-- Tiranaread -->\r\n<ins class=\"adsbygoogle\"\r\n     style=\"display:inline-block;width:728px;height:90px\"\r\n     data-ad-client=\"ca-pub-2355142065052501\"\r\n\t data-page-url=\"https:\/\/blogseyir.com\"\r\n     data-ad-slot=\"7464751963\"><\/ins>\r\n<script>\r\n     (adsbygoogle = window.adsbygoogle || []).push({});\r\n<\/script><\/div>","protected":false},"excerpt":{"rendered":"<p>Moderatorja dhe aktorja e njohur Kiara Tito ka ndar\u00eb nj\u00eb moment t\u00eb v\u00ebshtir\u00eb nga eksperienca e saj n\u00eb spektaklin humoristik \u201cPortokalli\u201d. E ftuar n\u00eb emisionin \u201cNdryshe\u201d n\u00eb \u201cTop Albania Radio\u201d, ajo tregoi p\u00ebr sfidat q\u00eb ka p\u00ebrjetuar n\u00eb fillimet e saj n\u00eb k\u00ebt\u00eb format t\u00eb njohur. \u201cPjesa m\u00eb e v\u00ebshtir\u00eb ishte n\u00eb momentin para se [&hellip;]<\/p>\n","protected":false},"author":1,"featured_media":21939,"comment_status":"open","ping_status":"closed","sticky":false,"template":"","format":"standard","meta":{"footnotes":""},"categories":[32],"tags":[107,548],"class_list":["post-21940","post","type-post","status-publish","format-standard","has-post-thumbnail","hentry","category-te-fundit","tag-kiara-tito","tag-portokalli"],"_links":{"self":[{"href":"https:\/\/blogseyir.com\/wp\/wp-json\/wp\/v2\/posts\/21940","targetHints":{"allow":["GET"]}}],"collection":[{"href":"https:\/\/blogseyir.com\/wp\/wp-json\/wp\/v2\/posts"}],"about":[{"href":"https:\/\/blogseyir.com\/wp\/wp-json\/wp\/v2\/types\/post"}],"author":[{"embeddable":true,"href":"https:\/\/blogseyir.com\/wp\/wp-json\/wp\/v2\/users\/1"}],"replies":[{"embeddable":true,"href":"https:\/\/blogseyir.com\/wp\/wp-json\/wp\/v2\/comments?post=21940"}],"version-history":[{"count":1,"href":"https:\/\/blogseyir.com\/wp\/wp-json\/wp\/v2\/posts\/21940\/revisions"}],"predecessor-version":[{"id":21941,"href":"https:\/\/blogseyir.com\/wp\/wp-json\/wp\/v2\/posts\/21940\/revisions\/21941"}],"wp:featuredmedia":[{"embeddable":true,"href":"https:\/\/blogseyir.com\/wp\/wp-json\/wp\/v2\/media\/21939"}],"wp:attachment":[{"href":"https:\/\/blogseyir.com\/wp\/wp-json\/wp\/v2\/media?parent=21940"}],"wp:term":[{"taxonomy":"category","embeddable":true,"href":"https:\/\/blogseyir.com\/wp\/wp-json\/wp\/v2\/categories?post=21940"},{"taxonomy":"post_tag","embeddable":true,"href":"https:\/\/blogseyir.com\/wp\/wp-json\/wp\/v2\/tags?post=21940"}],"curies":[{"name":"wp","href":"https:\/\/api.w.org\/{rel}","templated":true}]}}