{"id":21912,"date":"2025-05-21T14:54:11","date_gmt":"2025-05-21T14:54:11","guid":{"rendered":"https:\/\/blogseyir.com\/wp\/?p=21912"},"modified":"2025-05-21T14:54:15","modified_gmt":"2025-05-21T14:54:15","slug":"ma-shpifen-vura-re-qe-roza-radi-flet-per-punen-ne-televizione","status":"publish","type":"post","link":"https:\/\/blogseyir.com\/wp\/ma-shpifen-vura-re-qe-roza-radi-flet-per-punen-ne-televizione\/","title":{"rendered":"&#8216;Ma shpifen, vura re q\u00eb&#8230;&#8217; Roza Radi flet p\u00ebr pun\u00ebn n\u00eb televizione?"},"content":{"rendered":"<p>Moderatorja e njohur Roza Lati p\u00ebrmes platform\u00ebs &#8220;Instagram&#8221; ka treguar n\u00eb lidhje me munges\u00ebn e saj n\u00eb televizion.<\/p>\n<p><img loading=\"lazy\" decoding=\"async\" class=\"alignnone size-full wp-image-20607\" src=\"https:\/\/blogseyir.com\/wp\/wp-content\/uploads\/2025\/05\/image-300.jpg\" alt=\"\" width=\"750\" height=\"490\" \/><\/p>\n<p>N\u00eb p\u00ebrgjigjet e saj, ish-banorja e &#8220;BBVA 3&#8221; flet dhe p\u00ebr eksperienc\u00ebn e saj n\u00eb realityshow, ku e p\u00ebrmbledh vet\u00ebm m\u00eb nj\u00eb fjali: &#8220;Mu shpif&#8221;.<\/p>\n<p>Gjithashtu, lart\u00eb e posht\u00eb m\u00eb par\u00eb u p\u00ebrfol se Roza Lati do t\u00eb prezantonte Fun Club-in, e cila m\u00eb pas u moderua nga Heidi Baci.<\/p>\n<p>Duket sikur Roza ka nj\u00eb kunj\u00eb p\u00ebr Top Channel, teksa shkruan se n\u00eb televizione iu jepet e drejta, njer\u00ebzve q\u00eb sipas saj nuk ia kan\u00eb iden\u00eb prezantimit.<\/p>\n<p>\u201cVura re, jo vet\u00ebm nj\u00eb televizion q\u00eb po u jepej e drejta t\u00eb drejtonin e moderonin programe n\u00eb Tv. Persona q\u00eb nuk e kan\u00eb magjin\u00eb e fjal\u00ebs, artin e komunikimit, por q\u00eb ju v\u00ebn\u00eb at\u00eb kufjen n\u00eb vesh q\u00eb publiku nuk e kupton. Vura re q\u00eb pazari i t\u00eb drejtuarit program kishte r\u00ebn\u00eb\u2026.<\/p>\n<p><img loading=\"lazy\" decoding=\"async\" class=\"wp-image-20604 alignnone size-full\" src=\"https:\/\/blogseyir.com\/wp\/wp-content\/uploads\/2025\/05\/image-18-84.jpg\" alt=\"\" width=\"750\" height=\"418\" \/><\/p>\n<p>Rroga qesharake po d\u00ebgjoja v\u00ebrdall\u00eb, dhe n\u00ebse sillje sponsora, p\u00ebrqindje qesharake po d\u00ebgjoja nga t\u00eb kat\u00ebrta an\u00ebt.Profesionisti kushton, nuk do t\u00eb drejtoj programe falas apo me pazar t\u00eb ul\u00ebt vet\u00ebm q\u00eb t\u00eb jet\u00eb i famsh\u00ebm\u201d, shkruan Roza Lati.<\/p>\n<p><img loading=\"lazy\" decoding=\"async\" class=\"wp-image-20605 alignnone size-full\" src=\"https:\/\/blogseyir.com\/wp\/wp-content\/uploads\/2025\/05\/image-18-85.jpg\" alt=\"\" width=\"750\" height=\"307\" \/><\/p>\n<p><img loading=\"lazy\" decoding=\"async\" class=\"wp-image-20606 alignnone size-full\" src=\"https:\/\/blogseyir.com\/wp\/wp-content\/uploads\/2025\/05\/image-18-86.jpg\" alt=\"\" width=\"750\" height=\"697\" \/><\/p>\n<div id=\"blogs-3631833224\" class=\"blogs-after-content blogs-entity-placement\"><div id=\"div-gpt-ad-1770230601260-0\" style=\"width:300px; height:600px;\"><\/div><\/div><div id=\"blogs-661827876\" class=\"blogs-adsense-after-kontent blogs-entity-placement\"><script async src=\"https:\/\/pagead2.googlesyndication.com\/pagead\/js\/adsbygoogle.js\"\r\n     crossorigin=\"anonymous\"><\/script>\r\n<!-- Tiranaread -->\r\n<ins class=\"adsbygoogle\"\r\n     style=\"display:inline-block;width:728px;height:90px\"\r\n     data-ad-client=\"ca-pub-2355142065052501\"\r\n\t data-page-url=\"https:\/\/blogseyir.com\"\r\n     data-ad-slot=\"7464751963\"><\/ins>\r\n<script>\r\n     (adsbygoogle = window.adsbygoogle || []).push({});\r\n<\/script><\/div>","protected":false},"excerpt":{"rendered":"<p>Moderatorja e njohur Roza Lati p\u00ebrmes platform\u00ebs &#8220;Instagram&#8221; ka treguar n\u00eb lidhje me munges\u00ebn e saj n\u00eb televizion. N\u00eb p\u00ebrgjigjet e saj, ish-banorja e &#8220;BBVA 3&#8221; flet dhe p\u00ebr eksperienc\u00ebn e saj n\u00eb realityshow, ku e p\u00ebrmbledh vet\u00ebm m\u00eb nj\u00eb fjali: &#8220;Mu shpif&#8221;. Gjithashtu, lart\u00eb e posht\u00eb m\u00eb par\u00eb u p\u00ebrfol se Roza Lati do [&hellip;]<\/p>\n","protected":false},"author":1,"featured_media":21908,"comment_status":"open","ping_status":"closed","sticky":false,"template":"","format":"standard","meta":{"footnotes":""},"categories":[32],"tags":[120],"class_list":["post-21912","post","type-post","status-publish","format-standard","has-post-thumbnail","hentry","category-te-fundit","tag-roza-lati"],"_links":{"self":[{"href":"https:\/\/blogseyir.com\/wp\/wp-json\/wp\/v2\/posts\/21912","targetHints":{"allow":["GET"]}}],"collection":[{"href":"https:\/\/blogseyir.com\/wp\/wp-json\/wp\/v2\/posts"}],"about":[{"href":"https:\/\/blogseyir.com\/wp\/wp-json\/wp\/v2\/types\/post"}],"author":[{"embeddable":true,"href":"https:\/\/blogseyir.com\/wp\/wp-json\/wp\/v2\/users\/1"}],"replies":[{"embeddable":true,"href":"https:\/\/blogseyir.com\/wp\/wp-json\/wp\/v2\/comments?post=21912"}],"version-history":[{"count":1,"href":"https:\/\/blogseyir.com\/wp\/wp-json\/wp\/v2\/posts\/21912\/revisions"}],"predecessor-version":[{"id":21913,"href":"https:\/\/blogseyir.com\/wp\/wp-json\/wp\/v2\/posts\/21912\/revisions\/21913"}],"wp:featuredmedia":[{"embeddable":true,"href":"https:\/\/blogseyir.com\/wp\/wp-json\/wp\/v2\/media\/21908"}],"wp:attachment":[{"href":"https:\/\/blogseyir.com\/wp\/wp-json\/wp\/v2\/media?parent=21912"}],"wp:term":[{"taxonomy":"category","embeddable":true,"href":"https:\/\/blogseyir.com\/wp\/wp-json\/wp\/v2\/categories?post=21912"},{"taxonomy":"post_tag","embeddable":true,"href":"https:\/\/blogseyir.com\/wp\/wp-json\/wp\/v2\/tags?post=21912"}],"curies":[{"name":"wp","href":"https:\/\/api.w.org\/{rel}","templated":true}]}}