{"id":21637,"date":"2025-05-18T16:21:19","date_gmt":"2025-05-18T16:21:19","guid":{"rendered":"https:\/\/blogseyir.com\/wp\/?p=21637"},"modified":"2025-05-18T16:21:20","modified_gmt":"2025-05-18T16:21:20","slug":"histori-e-trishte-tek-e-diela-shqiptare-hallat-i-dhane-mamit-hlm-miu-babai-donte-te-me-shiste-sepse-isha","status":"publish","type":"post","link":"https:\/\/blogseyir.com\/wp\/histori-e-trishte-tek-e-diela-shqiptare-hallat-i-dhane-mamit-hlm-miu-babai-donte-te-me-shiste-sepse-isha\/","title":{"rendered":"Histori e trishte tek &#8216;E Diela Shqiptare&#8217;: Hallat i dhan\u00eb mamit h*lm miu, babai donte t\u00eb m\u00eb shiste sepse isha&#8230;"},"content":{"rendered":"<p>I ka b\u00ebr\u00eb t\u00eb 18-at dhe tashm\u00eb \u00ebsht\u00eb n\u00ebn\u00eb e nj\u00eb vajze, por historia e Adrian\u00ebs nuk i p\u00ebrngjan ndonj\u00ebr\u00ebs q\u00eb jemi njohur m\u00eb par\u00eb n\u00eb \u201cKa Nj\u00eb Mesazh P\u00ebr Ty\u201d.<\/p>\n<p><img loading=\"lazy\" decoding=\"async\" class=\"wp-image-20246 alignnone size-full\" src=\"https:\/\/blogseyir.com\/wp\/wp-content\/uploads\/2025\/05\/D39A0C42-D42A-44E9-A52A-D1CB4EF84A69.jpg\" alt=\"\" width=\"750\" height=\"440\" \/><\/p>\n<p>Ajo prezantohet n\u00eb rubrik\u00ebn e s\u00eb \u201cDiel\u00ebs Shqiptare\u201d n\u00eb Tv Klan duke th\u00ebn\u00eb se vjen nga Vora dhe gj\u00ebja e par\u00eb q\u00eb kujton nga f\u00ebmij\u00ebria \u00ebsht\u00eb dhuna.<\/p>\n<p>I ati e rrihte n\u00ebn\u00ebn dhe e torturonte, madje donte edhe ta shiste t\u00eb bij\u00ebn jasht\u00eb vendit.<\/p>\n<p>Arsyeja? \u2018M\u00ebkati\u2019 i vet\u00ebm i Adrian\u00ebs ishte fakti q\u00eb lindi vajz\u00eb.<\/p>\n<p>Ajo erdhi n\u00eb jet\u00eb nga nj\u00eb shtatz\u00ebni binjak\u00ebsh, por tjetri nuk ia doli sepse hallat i dhan\u00eb n\u00ebn\u00ebs s\u00eb saj helm miu.<\/p>\n<p>Ironia e fatit ishte q\u00eb Adriana erdhi n\u00eb jet\u00eb, nd\u00ebrsa binjaku q\u00eb ishte djal\u00eb i aq shum\u00ebd\u00ebshiruar, nuk ia doli.<\/p>\n<p>Adriana: Kur kam qen\u00eb e vog\u00ebl, kam pasur probleme me babin.<\/p>\n<p>Ardit Gjebrea: Me babin?<\/p>\n<p>Adriana: Po.<\/p>\n<p>Ardit Gjebrea: Po pse?<\/p>\n<p>Adriana: Sepse ai e rrihte mamin, e torturonte, ka pasur raste q\u00eb e lidhte p\u00ebrjashta, e linte gjith\u00eb nat\u00ebn jasht\u00eb.<\/p>\n<p>Ardit Gjebrea: E lidhte?Ku e lidhte?<\/p>\n<p>Adriana: Kemi pasur nj\u00eb fik te oborri dhe e lidhte aty.<\/p>\n<p>Ardit Gjebrea: Sa vje\u00e7 ishe ti, e mban mend?<\/p>\n<p>Adriana: 4 vje\u00e7e.<\/p>\n<p>Ardit Gjebrea: E mban mend at\u00eb sken\u00eb?<\/p>\n<p>Adriana: Po, e mbaj mend. E mbaj mend edhe kur donte t\u00eb m\u00eb shiste jasht\u00eb shtetit.<\/p>\n<p>Ardit Gjebrea: T\u00eb t\u00eb shiste jasht\u00eb shtetit?<\/p>\n<p>Adriana: Po, se nuk donte q\u00eb t\u00eb kishin goca, vet\u00ebm \u00e7una.<\/p>\n<p>Ardit Gjebrea: Kush donte t\u00eb t\u00eb shiste, babi?<\/p>\n<p>Adriana: Po, me gjith\u00eb hall\u00ebn.<\/p>\n<p>Ardit Gjebrea: Sa vje\u00e7 ishe ti kur donin ta b\u00ebnin k\u00ebt\u00eb gj\u00eb?<\/p>\n<p>Adriana: 4 vje\u00e7e, nuk donin t\u00eb kishin goca.<\/p>\n<p>Ardit Gjebrea: Po pse, duhet t\u00eb ishin vet\u00ebm \u00e7una?<\/p>\n<p>Adriana: Po, ashtu i donin. Madje mami im m\u00eb ka treguar q\u00eb kur ka qen\u00eb shtatz\u00ebn\u00eb me mua, ka pasur edhe nj\u00eb f\u00ebmij\u00eb tjet\u00ebr dhe\u2026<\/p>\n<p>Ardit Gjebrea: Dometh\u00ebn\u00eb ju kur keni lindur keni qen\u00eb binjak\u00eb?<\/p>\n<p>Adriana: Po, dhe i kishin dh\u00ebn\u00eb helm, kishin kujtuar se jan\u00eb 2 goca.<\/p>\n<p>Ardit Gjebrea: Dhe \u00e7far\u00eb i dhan\u00eb mmait?<\/p>\n<p>Adriana: Helm. Helm miu.<\/p>\n<p>Ardit Gjebrea: Kush ia dha helmin e miut?<\/p>\n<p>Adriana: Hallat.<\/p>\n<p>Ardit Gjebrea: Mamit, q\u00eb t\u00eb mos lindte.<\/p>\n<p>Adriana: Po, mos t\u00eb m\u00eb lindte mua por p\u00ebr rast\u00ebsi, u d\u00ebmtua f\u00ebmija tjet\u00ebr.<\/p>\n<p>Ardit Gjebrea: Po f\u00ebmija tjet\u00ebr \u00e7far\u00eb ishte?<\/p>\n<p>Adriana: Djal\u00eb.\/tvklan.al<\/p>\n<p><iframe loading=\"lazy\" title=\"\u2018M\u00ebkati\u2019 i t\u00eb qenit vajz\u00eb! Adriana: Hallat i dhan\u00eb mamit helm miu, babai donte t\u00eb m\u00eb shiste\" width=\"500\" height=\"281\" src=\"https:\/\/www.youtube.com\/embed\/5yPZ58hl1YY?feature=oembed\" frameborder=\"0\" allow=\"accelerometer; autoplay; clipboard-write; encrypted-media; gyroscope; picture-in-picture; web-share\" referrerpolicy=\"strict-origin-when-cross-origin\" allowfullscreen><\/iframe><\/p>\n<div id=\"blogs-1718080162\" class=\"blogs-after-content blogs-entity-placement\"><div id=\"div-gpt-ad-1770230601260-0\" style=\"width:300px; height:600px;\"><\/div><\/div><div id=\"blogs-2834631196\" class=\"blogs-adsense-after-kontent blogs-entity-placement\"><script async src=\"https:\/\/pagead2.googlesyndication.com\/pagead\/js\/adsbygoogle.js\"\r\n     crossorigin=\"anonymous\"><\/script>\r\n<!-- Tiranaread -->\r\n<ins class=\"adsbygoogle\"\r\n     style=\"display:inline-block;width:728px;height:90px\"\r\n     data-ad-client=\"ca-pub-2355142065052501\"\r\n\t data-page-url=\"https:\/\/blogseyir.com\"\r\n     data-ad-slot=\"7464751963\"><\/ins>\r\n<script>\r\n     (adsbygoogle = window.adsbygoogle || []).push({});\r\n<\/script><\/div>","protected":false},"excerpt":{"rendered":"<p>I ka b\u00ebr\u00eb t\u00eb 18-at dhe tashm\u00eb \u00ebsht\u00eb n\u00ebn\u00eb e nj\u00eb vajze, por historia e Adrian\u00ebs nuk i p\u00ebrngjan ndonj\u00ebr\u00ebs q\u00eb jemi njohur m\u00eb par\u00eb n\u00eb \u201cKa Nj\u00eb Mesazh P\u00ebr Ty\u201d. Ajo prezantohet n\u00eb rubrik\u00ebn e s\u00eb \u201cDiel\u00ebs Shqiptare\u201d n\u00eb Tv Klan duke th\u00ebn\u00eb se vjen nga Vora dhe gj\u00ebja e par\u00eb q\u00eb kujton nga [&hellip;]<\/p>\n","protected":false},"author":1,"featured_media":21636,"comment_status":"open","ping_status":"closed","sticky":false,"template":"","format":"standard","meta":{"footnotes":""},"categories":[33],"tags":[105],"class_list":["post-21637","post","type-post","status-publish","format-standard","has-post-thumbnail","hentry","category-showbizi","tag-e-diela-shqiptare"],"_links":{"self":[{"href":"https:\/\/blogseyir.com\/wp\/wp-json\/wp\/v2\/posts\/21637","targetHints":{"allow":["GET"]}}],"collection":[{"href":"https:\/\/blogseyir.com\/wp\/wp-json\/wp\/v2\/posts"}],"about":[{"href":"https:\/\/blogseyir.com\/wp\/wp-json\/wp\/v2\/types\/post"}],"author":[{"embeddable":true,"href":"https:\/\/blogseyir.com\/wp\/wp-json\/wp\/v2\/users\/1"}],"replies":[{"embeddable":true,"href":"https:\/\/blogseyir.com\/wp\/wp-json\/wp\/v2\/comments?post=21637"}],"version-history":[{"count":1,"href":"https:\/\/blogseyir.com\/wp\/wp-json\/wp\/v2\/posts\/21637\/revisions"}],"predecessor-version":[{"id":21638,"href":"https:\/\/blogseyir.com\/wp\/wp-json\/wp\/v2\/posts\/21637\/revisions\/21638"}],"wp:featuredmedia":[{"embeddable":true,"href":"https:\/\/blogseyir.com\/wp\/wp-json\/wp\/v2\/media\/21636"}],"wp:attachment":[{"href":"https:\/\/blogseyir.com\/wp\/wp-json\/wp\/v2\/media?parent=21637"}],"wp:term":[{"taxonomy":"category","embeddable":true,"href":"https:\/\/blogseyir.com\/wp\/wp-json\/wp\/v2\/categories?post=21637"},{"taxonomy":"post_tag","embeddable":true,"href":"https:\/\/blogseyir.com\/wp\/wp-json\/wp\/v2\/tags?post=21637"}],"curies":[{"name":"wp","href":"https:\/\/api.w.org\/{rel}","templated":true}]}}