{"id":21496,"date":"2025-05-16T20:03:53","date_gmt":"2025-05-16T20:03:53","guid":{"rendered":"https:\/\/blogseyir.com\/wp\/?p=21496"},"modified":"2025-05-16T20:03:55","modified_gmt":"2025-05-16T20:03:55","slug":"pse-u-largua-nga-ferma-vip-alba-zbulon-publikisht-sekretin-e-saj-dhe-limit","status":"publish","type":"post","link":"https:\/\/blogseyir.com\/wp\/pse-u-largua-nga-ferma-vip-alba-zbulon-publikisht-sekretin-e-saj-dhe-limit\/","title":{"rendered":"Pse u largua nga Ferma VIP? Alba zbulon publikisht &#8216;sekretin&#8217; e saj dhe Limit"},"content":{"rendered":"<p>Nj\u00eb nga momentet m\u00eb t\u00eb komentuara t\u00eb spektaklit Ferma VIP ka qen\u00eb largimi i befasish\u00ebm i Alb\u00ebs dhe partnerit t\u00eb saj Limi, duke shkaktuar reagime t\u00eb shumta n\u00eb rrjet dhe n\u00eb publik.<\/p>\n<p><img loading=\"lazy\" decoding=\"async\" class=\"alignnone size-full wp-image-20072\" src=\"https:\/\/blogseyir.com\/wp\/wp-content\/uploads\/2025\/05\/04922279-264C-460A-8922-AA568A2D2831.jpg\" alt=\"\" width=\"750\" height=\"401\" \/><\/p>\n<p>Gjat\u00eb mbr\u00ebmjes s\u00eb sotme n\u00eb spektak\u00ebl, Alba sqaroi p\u00ebr her\u00eb t\u00eb par\u00eb publikisht arsyet e largimit t\u00eb saj:<\/p>\n<p>\u201cE kam shprehur shum\u00eb qart\u00eb. Kam disa parime n\u00eb jet\u00eb dhe para tyre nuk vendos asgj\u00eb. Edhe \u00e7mimi vjen pas parimeve,\u201d \u2013 u shpreh Alba, duke l\u00ebn\u00eb t\u00eb kuptohet se vendimi i saj ishte i menduar dhe i pandikuar nga loja apo dinamika e spektaklit.<\/p>\n<p>N\u00eb lidhje me spekulimet p\u00ebr raportin mes saj dhe konkurrentes tjet\u00ebr, Nenes, dhe \u201ctradhtin\u00eb\u201d e dyshuar t\u00eb Limit me t\u00eb, Alba u shpreh prer\u00eb:<\/p>\n<p>\u201cNena p\u00ebr mua nuk ka qen\u00eb aspak problem dhe nuk i kam kushtuar r\u00ebnd\u00ebsi. P\u00ebr mua, rr\u00ebnja e problemit \u00ebsht\u00eb partneri q\u00eb kam n\u00eb krah.\u201d<\/p>\n<p>E pyetur nga Luana se cili ishte sekreti i saj me Limin q\u00eb ka th\u00ebn\u00eb n\u00eb ferm\u00eb Alba tha: Besa<\/p>\n<p>\u201cQ\u00eb ne me Limin e kemi nga ajo q\u00eb kemi ndjer\u00eb p\u00ebr nj\u00ebri-tjetrin\u2026 kjo do mbetet gjithmon\u00eb mister p\u00ebr publikun.\u201d<\/p>\n<p>Largimi i \u00e7iftit ka l\u00ebn\u00eb pas shum\u00eb pik\u00ebpyetje.<\/p>\n<p>\/vizionplus.tv<\/p>\n<div id=\"blogs-3901708374\" class=\"blogs-after-content blogs-entity-placement\"><div id=\"div-gpt-ad-1770230601260-0\" style=\"width:300px; height:600px;\"><\/div><\/div><div id=\"blogs-2572004727\" class=\"blogs-adsense-after-kontent blogs-entity-placement\"><script async src=\"https:\/\/pagead2.googlesyndication.com\/pagead\/js\/adsbygoogle.js\"\r\n     crossorigin=\"anonymous\"><\/script>\r\n<!-- Tiranaread -->\r\n<ins class=\"adsbygoogle\"\r\n     style=\"display:inline-block;width:728px;height:90px\"\r\n     data-ad-client=\"ca-pub-2355142065052501\"\r\n\t data-page-url=\"https:\/\/blogseyir.com\"\r\n     data-ad-slot=\"7464751963\"><\/ins>\r\n<script>\r\n     (adsbygoogle = window.adsbygoogle || []).push({});\r\n<\/script><\/div>","protected":false},"excerpt":{"rendered":"<p>Nj\u00eb nga momentet m\u00eb t\u00eb komentuara t\u00eb spektaklit Ferma VIP ka qen\u00eb largimi i befasish\u00ebm i Alb\u00ebs dhe partnerit t\u00eb saj Limi, duke shkaktuar reagime t\u00eb shumta n\u00eb rrjet dhe n\u00eb publik. Gjat\u00eb mbr\u00ebmjes s\u00eb sotme n\u00eb spektak\u00ebl, Alba sqaroi p\u00ebr her\u00eb t\u00eb par\u00eb publikisht arsyet e largimit t\u00eb saj: \u201cE kam shprehur shum\u00eb qart\u00eb. [&hellip;]<\/p>\n","protected":false},"author":1,"featured_media":21495,"comment_status":"open","ping_status":"closed","sticky":false,"template":"","format":"standard","meta":{"footnotes":""},"categories":[33],"tags":[797,637],"class_list":["post-21496","post","type-post","status-publish","format-standard","has-post-thumbnail","hentry","category-showbizi","tag-alba","tag-ferma-vip"],"_links":{"self":[{"href":"https:\/\/blogseyir.com\/wp\/wp-json\/wp\/v2\/posts\/21496","targetHints":{"allow":["GET"]}}],"collection":[{"href":"https:\/\/blogseyir.com\/wp\/wp-json\/wp\/v2\/posts"}],"about":[{"href":"https:\/\/blogseyir.com\/wp\/wp-json\/wp\/v2\/types\/post"}],"author":[{"embeddable":true,"href":"https:\/\/blogseyir.com\/wp\/wp-json\/wp\/v2\/users\/1"}],"replies":[{"embeddable":true,"href":"https:\/\/blogseyir.com\/wp\/wp-json\/wp\/v2\/comments?post=21496"}],"version-history":[{"count":1,"href":"https:\/\/blogseyir.com\/wp\/wp-json\/wp\/v2\/posts\/21496\/revisions"}],"predecessor-version":[{"id":21497,"href":"https:\/\/blogseyir.com\/wp\/wp-json\/wp\/v2\/posts\/21496\/revisions\/21497"}],"wp:featuredmedia":[{"embeddable":true,"href":"https:\/\/blogseyir.com\/wp\/wp-json\/wp\/v2\/media\/21495"}],"wp:attachment":[{"href":"https:\/\/blogseyir.com\/wp\/wp-json\/wp\/v2\/media?parent=21496"}],"wp:term":[{"taxonomy":"category","embeddable":true,"href":"https:\/\/blogseyir.com\/wp\/wp-json\/wp\/v2\/categories?post=21496"},{"taxonomy":"post_tag","embeddable":true,"href":"https:\/\/blogseyir.com\/wp\/wp-json\/wp\/v2\/tags?post=21496"}],"curies":[{"name":"wp","href":"https:\/\/api.w.org\/{rel}","templated":true}]}}