{"id":21382,"date":"2025-05-15T14:27:47","date_gmt":"2025-05-15T14:27:47","guid":{"rendered":"https:\/\/blogseyir.com\/wp\/?p=21382"},"modified":"2025-05-15T14:27:49","modified_gmt":"2025-05-15T14:27:49","slug":"dhimbje-e-madhe-humb-jeten-mjeku-i-njohur-shqiptar-ishte-ne-krye-te-detyres-kur","status":"publish","type":"post","link":"https:\/\/blogseyir.com\/wp\/dhimbje-e-madhe-humb-jeten-mjeku-i-njohur-shqiptar-ishte-ne-krye-te-detyres-kur\/","title":{"rendered":"Dhimbje e madhe! Humb jet\u00ebn mjeku i njohur shqiptar, ishte n\u00eb krye t\u00eb detyr\u00ebs kur&#8230;"},"content":{"rendered":"<p>Nj\u00eb lajm i trisht\u00eb ka prekur sot opinionin publik:<\/p>\n<p><img loading=\"lazy\" decoding=\"async\" class=\"alignnone size-full wp-image-19894\" src=\"https:\/\/blogseyir.com\/wp\/wp-content\/uploads\/2025\/05\/image-215.jpg\" alt=\"\" width=\"732\" height=\"496\" \/><\/p>\n<p>pediatri i njohur nga Tropoja,<\/p>\n<p>Bashkim Nezaj, \u00ebsht\u00eb ndar\u00eb nga jeta n\u00eb m\u00ebnyr\u00eb t\u00eb papritur.<\/p>\n<p>Mjeku humbi jet\u00ebn teksa ishte n\u00eb krye t\u00eb detyr\u00ebs, gjat\u00eb turnit t\u00eb nat\u00ebs n\u00eb Spitalin Pediatrik t\u00eb F\u00ebmij\u00ebve n\u00eb Tiran\u00eb, n\u00eb QSUT.<\/p>\n<p>Lajmi \u00ebsht\u00eb b\u00ebr\u00eb i ditur nga koleg\u00eb, miq dhe t\u00eb af\u00ebrm t\u00eb tij p\u00ebrmes rrjeteve sociale, ku kan\u00eb shprehur dhimbjen p\u00ebr ndarjen e parakohshme t\u00eb nj\u00eb profesionisti t\u00eb p\u00ebrkushtuar dhe njeriu t\u00eb dashur.<\/p>\n<p>Shuarja e mjekut Nezaj ka tronditur familjar\u00ebt, miqt\u00eb dhe komunitetin mjek\u00ebsor, ve\u00e7an\u00ebrisht koleg\u00ebt e tij n\u00eb Qendr\u00ebn Spitalore \u201cN\u00ebn\u00eb Tereza\u201d, ku ai sh\u00ebrbente prej vitesh me p\u00ebrkushtim n\u00eb ndihm\u00eb t\u00eb f\u00ebmij\u00ebve t\u00eb s\u00ebmur\u00eb.<\/p>\n<div id=\"blogs-2983282729\" class=\"blogs-after-content blogs-entity-placement\"><div id=\"div-gpt-ad-1770230601260-0\" style=\"width:300px; height:600px;\"><\/div><\/div><div id=\"blogs-1807870795\" class=\"blogs-adsense-after-kontent blogs-entity-placement\"><script async src=\"https:\/\/pagead2.googlesyndication.com\/pagead\/js\/adsbygoogle.js\"\r\n     crossorigin=\"anonymous\"><\/script>\r\n<!-- Tiranaread -->\r\n<ins class=\"adsbygoogle\"\r\n     style=\"display:inline-block;width:728px;height:90px\"\r\n     data-ad-client=\"ca-pub-2355142065052501\"\r\n\t data-page-url=\"https:\/\/blogseyir.com\"\r\n     data-ad-slot=\"7464751963\"><\/ins>\r\n<script>\r\n     (adsbygoogle = window.adsbygoogle || []).push({});\r\n<\/script><\/div>","protected":false},"excerpt":{"rendered":"<p>Nj\u00eb lajm i trisht\u00eb ka prekur sot opinionin publik: pediatri i njohur nga Tropoja, Bashkim Nezaj, \u00ebsht\u00eb ndar\u00eb nga jeta n\u00eb m\u00ebnyr\u00eb t\u00eb papritur. Mjeku humbi jet\u00ebn teksa ishte n\u00eb krye t\u00eb detyr\u00ebs, gjat\u00eb turnit t\u00eb nat\u00ebs n\u00eb Spitalin Pediatrik t\u00eb F\u00ebmij\u00ebve n\u00eb Tiran\u00eb, n\u00eb QSUT. Lajmi \u00ebsht\u00eb b\u00ebr\u00eb i ditur nga koleg\u00eb, miq dhe [&hellip;]<\/p>\n","protected":false},"author":1,"featured_media":21381,"comment_status":"open","ping_status":"closed","sticky":false,"template":"","format":"standard","meta":{"footnotes":""},"categories":[32],"tags":[968,969,533,41],"class_list":["post-21382","post","type-post","status-publish","format-standard","has-post-thumbnail","hentry","category-te-fundit","tag-bashkim-nezaj","tag-mjeku","tag-qsut","tag-vdekje"],"_links":{"self":[{"href":"https:\/\/blogseyir.com\/wp\/wp-json\/wp\/v2\/posts\/21382","targetHints":{"allow":["GET"]}}],"collection":[{"href":"https:\/\/blogseyir.com\/wp\/wp-json\/wp\/v2\/posts"}],"about":[{"href":"https:\/\/blogseyir.com\/wp\/wp-json\/wp\/v2\/types\/post"}],"author":[{"embeddable":true,"href":"https:\/\/blogseyir.com\/wp\/wp-json\/wp\/v2\/users\/1"}],"replies":[{"embeddable":true,"href":"https:\/\/blogseyir.com\/wp\/wp-json\/wp\/v2\/comments?post=21382"}],"version-history":[{"count":1,"href":"https:\/\/blogseyir.com\/wp\/wp-json\/wp\/v2\/posts\/21382\/revisions"}],"predecessor-version":[{"id":21383,"href":"https:\/\/blogseyir.com\/wp\/wp-json\/wp\/v2\/posts\/21382\/revisions\/21383"}],"wp:featuredmedia":[{"embeddable":true,"href":"https:\/\/blogseyir.com\/wp\/wp-json\/wp\/v2\/media\/21381"}],"wp:attachment":[{"href":"https:\/\/blogseyir.com\/wp\/wp-json\/wp\/v2\/media?parent=21382"}],"wp:term":[{"taxonomy":"category","embeddable":true,"href":"https:\/\/blogseyir.com\/wp\/wp-json\/wp\/v2\/categories?post=21382"},{"taxonomy":"post_tag","embeddable":true,"href":"https:\/\/blogseyir.com\/wp\/wp-json\/wp\/v2\/tags?post=21382"}],"curies":[{"name":"wp","href":"https:\/\/api.w.org\/{rel}","templated":true}]}}