{"id":21265,"date":"2025-05-14T08:30:01","date_gmt":"2025-05-14T08:30:01","guid":{"rendered":"https:\/\/blogseyir.com\/wp\/?p=21265"},"modified":"2025-05-14T08:30:03","modified_gmt":"2025-05-14T08:30:03","slug":"lekundje-te-forta-termeti-ne-vendin-fqinj-ja-cfare-raportohet-2","status":"publish","type":"post","link":"https:\/\/blogseyir.com\/wp\/lekundje-te-forta-termeti-ne-vendin-fqinj-ja-cfare-raportohet-2\/","title":{"rendered":"L\u00ebkundje t\u00eb forta t\u00ebrmeti n\u00eb vendin fqinj! Ja cfar\u00eb raportohet"},"content":{"rendered":"<p>Nj\u00eb t\u00ebrmet me magnitud\u00eb 6.1 ball\u00eb t\u00eb shkall\u00ebs Rihter u regjistrua sot rreth dy or\u00eb n\u00eb zon\u00ebn detare 20 kilometra n\u00eb jug-jugper\u00ebndim t\u00eb ishullit Kasos, n\u00eb lindje t\u00eb Kret\u00ebs, njoftoi Instituti Gjeodinamik i Observatorit Komb\u00ebtar t\u00eb Athin\u00ebs.<\/p>\n<p>&nbsp;<\/p>\n<p><img loading=\"lazy\" decoding=\"async\" class=\"alignnone size-full wp-image-19764\" src=\"https:\/\/blogseyir.com\/wp\/wp-content\/uploads\/2025\/05\/image-189.jpg\" alt=\"\" width=\"725\" height=\"465\" \/><br \/>\nEpiqendra e t\u00ebrmetit ishte n\u00eb nj\u00eb thell\u00ebsi prej 64.4 kilometrash, raportoi Katimerini. T\u00ebrmeti u ndje pran\u00eb Kret\u00ebs, si dhe n\u00eb ishujt Rodos dhe Kos, si dhe n\u00eb disa pjes\u00eb t\u00eb Turqis\u00eb, dhe si mas\u00eb paraprake u l\u00ebshua nj\u00eb paralajm\u00ebrim p\u00ebr cunami.<\/p>\n<p>Deri m\u00eb tani nuk ka raportime p\u00ebr t\u00eb l\u00ebnduar apo d\u00ebme t\u00eb r\u00ebnda materiale. Presidenti i Organizat\u00ebs p\u00ebr Planifikimin dhe Mbrojtjen nga T\u00ebrmetet (OASP) dhe profesori i gjeologjis\u00eb, Efimios Lekas, tha se thell\u00ebsia prej 60 kilometrash ishte nj\u00eb tipar ky\u00e7 i k\u00ebtij t\u00ebrmeti, pasi uli intensitetin n\u00eb sip\u00ebrfaqe.<\/p>\n<p>Sipas p\u00ebrshkrimeve t\u00eb para t\u00eb banor\u00ebve, nuk u regjistrua asnj\u00eb ndikim i r\u00ebnd\u00ebsish\u00ebm i t\u00ebrmetit. Lekas \u200b\u200btheksoi se t\u00ebrmete t\u00eb tilla n\u00eb at\u00eb thell\u00ebsi zakonisht ndodhin si ngjarje individuale, pa aktivitet t\u00eb theksuar para ose pas sizmik.<\/p>\n<p>Ai shtoi se t\u00ebrmeti ndodhi n\u00eb \u201cHarkun Grek\u201d, vendin ku p\u00ebrplasen pllakat tektonike evropiane dhe afrikane.<\/p>\n<p>Duke komentuar mbi lidhjet e mundshme me t\u00ebrmetet e fundit n\u00eb Santorini dhe Turqi, Lekas \u200b\u200btheksoi se nuk ka lidhje, pasi kushtet gjeotektonike jan\u00eb t\u00eb ndryshme.<\/p>\n<p>&nbsp;<\/p>\n<div id=\"blogs-2869587369\" class=\"blogs-after-content blogs-entity-placement\"><div id=\"div-gpt-ad-1770230601260-0\" style=\"width:300px; height:600px;\"><\/div><\/div><div id=\"blogs-2694810242\" class=\"blogs-adsense-after-kontent blogs-entity-placement\"><script async src=\"https:\/\/pagead2.googlesyndication.com\/pagead\/js\/adsbygoogle.js\"\r\n     crossorigin=\"anonymous\"><\/script>\r\n<!-- Tiranaread -->\r\n<ins class=\"adsbygoogle\"\r\n     style=\"display:inline-block;width:728px;height:90px\"\r\n     data-ad-client=\"ca-pub-2355142065052501\"\r\n\t data-page-url=\"https:\/\/blogseyir.com\"\r\n     data-ad-slot=\"7464751963\"><\/ins>\r\n<script>\r\n     (adsbygoogle = window.adsbygoogle || []).push({});\r\n<\/script><\/div>","protected":false},"excerpt":{"rendered":"<p>Nj\u00eb t\u00ebrmet me magnitud\u00eb 6.1 ball\u00eb t\u00eb shkall\u00ebs Rihter u regjistrua sot rreth dy or\u00eb n\u00eb zon\u00ebn detare 20 kilometra n\u00eb jug-jugper\u00ebndim t\u00eb ishullit Kasos, n\u00eb lindje t\u00eb Kret\u00ebs, njoftoi Instituti Gjeodinamik i Observatorit Komb\u00ebtar t\u00eb Athin\u00ebs. &nbsp; Epiqendra e t\u00ebrmetit ishte n\u00eb nj\u00eb thell\u00ebsi prej 64.4 kilometrash, raportoi Katimerini. T\u00ebrmeti u ndje pran\u00eb Kret\u00ebs, [&hellip;]<\/p>\n","protected":false},"author":1,"featured_media":21264,"comment_status":"open","ping_status":"closed","sticky":false,"template":"","format":"standard","meta":{"footnotes":""},"categories":[32],"tags":[119,40,89],"class_list":["post-21265","post","type-post","status-publish","format-standard","has-post-thumbnail","hentry","category-te-fundit","tag-greqi","tag-te-fundit","tag-termet"],"_links":{"self":[{"href":"https:\/\/blogseyir.com\/wp\/wp-json\/wp\/v2\/posts\/21265","targetHints":{"allow":["GET"]}}],"collection":[{"href":"https:\/\/blogseyir.com\/wp\/wp-json\/wp\/v2\/posts"}],"about":[{"href":"https:\/\/blogseyir.com\/wp\/wp-json\/wp\/v2\/types\/post"}],"author":[{"embeddable":true,"href":"https:\/\/blogseyir.com\/wp\/wp-json\/wp\/v2\/users\/1"}],"replies":[{"embeddable":true,"href":"https:\/\/blogseyir.com\/wp\/wp-json\/wp\/v2\/comments?post=21265"}],"version-history":[{"count":1,"href":"https:\/\/blogseyir.com\/wp\/wp-json\/wp\/v2\/posts\/21265\/revisions"}],"predecessor-version":[{"id":21266,"href":"https:\/\/blogseyir.com\/wp\/wp-json\/wp\/v2\/posts\/21265\/revisions\/21266"}],"wp:featuredmedia":[{"embeddable":true,"href":"https:\/\/blogseyir.com\/wp\/wp-json\/wp\/v2\/media\/21264"}],"wp:attachment":[{"href":"https:\/\/blogseyir.com\/wp\/wp-json\/wp\/v2\/media?parent=21265"}],"wp:term":[{"taxonomy":"category","embeddable":true,"href":"https:\/\/blogseyir.com\/wp\/wp-json\/wp\/v2\/categories?post=21265"},{"taxonomy":"post_tag","embeddable":true,"href":"https:\/\/blogseyir.com\/wp\/wp-json\/wp\/v2\/tags?post=21265"}],"curies":[{"name":"wp","href":"https:\/\/api.w.org\/{rel}","templated":true}]}}