{"id":21235,"date":"2025-05-13T14:57:08","date_gmt":"2025-05-13T14:57:08","guid":{"rendered":"https:\/\/blogseyir.com\/wp\/?p=21235"},"modified":"2025-05-13T14:57:10","modified_gmt":"2025-05-13T14:57:10","slug":"ne-sheshin-tende-do-te-mblidhen-nga-kater-anet-e-europes-o-mbret-rama-jep-mesazhin-per-samitin-qe-do-mbahet-me-16-maj","status":"publish","type":"post","link":"https:\/\/blogseyir.com\/wp\/ne-sheshin-tende-do-te-mblidhen-nga-kater-anet-e-europes-o-mbret-rama-jep-mesazhin-per-samitin-qe-do-mbahet-me-16-maj\/","title":{"rendered":"&#8216;N\u00eb sheshin t\u00ebnd\u00eb do t\u00eb mblidhen nga kat\u00ebr an\u00ebt e europ\u00ebs, o mbret&#8230;&#8217; Rama jep mesazhin p\u00ebr samitin q\u00eb do mbahet me 16 Maj!"},"content":{"rendered":"<p>Shqip\u00ebria \u00ebsht\u00eb gati t\u00eb mir\u00ebpres\u00eb m\u00eb 16 maj Samitin e Komunitetit Politik Europian, nj\u00eb ngjarje e r\u00ebnd\u00ebsishme q\u00eb do t\u00eb mbledh\u00eb n\u00eb Tiran\u00eb dhjet\u00ebra lider\u00eb nga e gjith\u00eb Europa.<\/p>\n<p>&nbsp;<\/p>\n<p><img loading=\"lazy\" decoding=\"async\" class=\"alignnone size-full wp-image-19736\" src=\"https:\/\/blogseyir.com\/wp\/wp-content\/uploads\/2025\/05\/image-179.jpg\" alt=\"\" width=\"750\" height=\"596\" \/><\/p>\n<p>Takimi i nivelit t\u00eb lart\u00eb do t\u00eb zhvillohet n\u00eb sheshin \u201cSk\u00ebnderbej\u201d, ku \u00ebsht\u00eb ngritur nj\u00eb struktur\u00eb e posa\u00e7me p\u00ebr t\u00eb pritur delegacionet dhe lider\u00ebt pjes\u00ebmarr\u00ebs.<\/p>\n<p>Kryeministri Edi Rama ka p\u00ebrcjell\u00eb nj\u00eb mesazh simbolik n\u00eb rrjetet sociale, duke n\u00ebnvizuar r\u00ebnd\u00ebsin\u00eb historike dhe politike t\u00eb k\u00ebtij momenti p\u00ebr vendin.<\/p>\n<p>Ai iu drejtua edhe figur\u00ebs s\u00eb heroit komb\u00ebtar, Gjergj Kastrioti Sk\u00ebnderbeu, me fjal\u00ebt: \u201cM\u00eb 16 maj t\u00eb gjith\u00eb ata do t\u00eb mblidhen nga t\u00eb kat\u00ebr an\u00ebt e Europ\u00ebs n\u00eb sheshin t\u00ebnd o Mbret dhe ne, st\u00ebrnip\u00ebrit e tu, do t\u00eb jemi krenar\u00eb p\u00ebr emrin e Shqip\u00ebris\u00eb son\u00eb, q\u00eb do t\u00eb shqiptohet n\u00eb t\u00eb gjitha gjuh\u00ebt e bot\u00ebs.\u201d<\/p>\n<p>&nbsp;<\/p>\n<p><img loading=\"lazy\" decoding=\"async\" class=\"wp-image-19735 alignnone size-full\" src=\"https:\/\/blogseyir.com\/wp\/wp-content\/uploads\/2025\/05\/image-16-6.jpg\" alt=\"\" width=\"621\" height=\"651\" \/><\/p>\n<p>\/vizionplus.tv<\/p>\n<div id=\"blogs-1247462487\" class=\"blogs-after-content blogs-entity-placement\"><div id=\"div-gpt-ad-1770230601260-0\" style=\"width:300px; height:600px;\"><\/div><\/div><div id=\"blogs-2972988889\" class=\"blogs-adsense-after-kontent blogs-entity-placement\"><script async src=\"https:\/\/pagead2.googlesyndication.com\/pagead\/js\/adsbygoogle.js\"\r\n     crossorigin=\"anonymous\"><\/script>\r\n<!-- Tiranaread -->\r\n<ins class=\"adsbygoogle\"\r\n     style=\"display:inline-block;width:728px;height:90px\"\r\n     data-ad-client=\"ca-pub-2355142065052501\"\r\n\t data-page-url=\"https:\/\/blogseyir.com\"\r\n     data-ad-slot=\"7464751963\"><\/ins>\r\n<script>\r\n     (adsbygoogle = window.adsbygoogle || []).push({});\r\n<\/script><\/div>","protected":false},"excerpt":{"rendered":"<p>Shqip\u00ebria \u00ebsht\u00eb gati t\u00eb mir\u00ebpres\u00eb m\u00eb 16 maj Samitin e Komunitetit Politik Europian, nj\u00eb ngjarje e r\u00ebnd\u00ebsishme q\u00eb do t\u00eb mbledh\u00eb n\u00eb Tiran\u00eb dhjet\u00ebra lider\u00eb nga e gjith\u00eb Europa. &nbsp; Takimi i nivelit t\u00eb lart\u00eb do t\u00eb zhvillohet n\u00eb sheshin \u201cSk\u00ebnderbej\u201d, ku \u00ebsht\u00eb ngritur nj\u00eb struktur\u00eb e posa\u00e7me p\u00ebr t\u00eb pritur delegacionet dhe lider\u00ebt pjes\u00ebmarr\u00ebs. [&hellip;]<\/p>\n","protected":false},"author":1,"featured_media":21233,"comment_status":"open","ping_status":"closed","sticky":false,"template":"","format":"standard","meta":{"footnotes":""},"categories":[32],"tags":[342,952],"class_list":["post-21235","post","type-post","status-publish","format-standard","has-post-thumbnail","hentry","category-te-fundit","tag-edi-rama","tag-samiti"],"_links":{"self":[{"href":"https:\/\/blogseyir.com\/wp\/wp-json\/wp\/v2\/posts\/21235","targetHints":{"allow":["GET"]}}],"collection":[{"href":"https:\/\/blogseyir.com\/wp\/wp-json\/wp\/v2\/posts"}],"about":[{"href":"https:\/\/blogseyir.com\/wp\/wp-json\/wp\/v2\/types\/post"}],"author":[{"embeddable":true,"href":"https:\/\/blogseyir.com\/wp\/wp-json\/wp\/v2\/users\/1"}],"replies":[{"embeddable":true,"href":"https:\/\/blogseyir.com\/wp\/wp-json\/wp\/v2\/comments?post=21235"}],"version-history":[{"count":1,"href":"https:\/\/blogseyir.com\/wp\/wp-json\/wp\/v2\/posts\/21235\/revisions"}],"predecessor-version":[{"id":21236,"href":"https:\/\/blogseyir.com\/wp\/wp-json\/wp\/v2\/posts\/21235\/revisions\/21236"}],"wp:featuredmedia":[{"embeddable":true,"href":"https:\/\/blogseyir.com\/wp\/wp-json\/wp\/v2\/media\/21233"}],"wp:attachment":[{"href":"https:\/\/blogseyir.com\/wp\/wp-json\/wp\/v2\/media?parent=21235"}],"wp:term":[{"taxonomy":"category","embeddable":true,"href":"https:\/\/blogseyir.com\/wp\/wp-json\/wp\/v2\/categories?post=21235"},{"taxonomy":"post_tag","embeddable":true,"href":"https:\/\/blogseyir.com\/wp\/wp-json\/wp\/v2\/tags?post=21235"}],"curies":[{"name":"wp","href":"https:\/\/api.w.org\/{rel}","templated":true}]}}