{"id":21055,"date":"2025-05-11T15:40:21","date_gmt":"2025-05-11T15:40:21","guid":{"rendered":"https:\/\/blogseyir.com\/wp\/?p=21055"},"modified":"2025-05-11T15:40:23","modified_gmt":"2025-05-11T15:40:23","slug":"e-pazakonte-dhia-i-pret-rrugen-ciklisteve-te-giro-ditalia-ja-cfare-ndodhi-me-pas","status":"publish","type":"post","link":"https:\/\/blogseyir.com\/wp\/e-pazakonte-dhia-i-pret-rrugen-ciklisteve-te-giro-ditalia-ja-cfare-ndodhi-me-pas\/","title":{"rendered":"E pazakont\u00eb! Dhia i &#8216;pret rrug\u00ebn&#8217; ciklist\u00ebve t\u00eb Giro d&#8217;Italia, ja cfar\u00eb ndodhi m\u00eb pas!"},"content":{"rendered":"<p>Nj\u00eb episod aspak i zakont\u00eb ka ndodhur sot gjat\u00eb etap\u00ebs s\u00eb tret\u00eb t\u00eb gar\u00ebs nd\u00ebrkomb\u00ebtare \u00e7iklistike Giro d\u2019Italia, e cila po zhvillohej n\u00eb qytetin e Vlor\u00ebs.<\/p>\n<p><img loading=\"lazy\" decoding=\"async\" class=\"alignnone size-full wp-image-19434\" src=\"https:\/\/blogseyir.com\/wp\/wp-content\/uploads\/2025\/05\/image-140.jpg\" alt=\"\" width=\"750\" height=\"383\" \/><\/p>\n<p>Teksa garuesit po p\u00ebrshkonin itinerarin, nj\u00eb tuf\u00eb dhish ka dal\u00eb papritur n\u00eb rrug\u00eb, duke nd\u00ebrprer\u00eb p\u00ebr pak sekonda rrjedh\u00ebn e gar\u00ebs. Momenti m\u00eb i tensionuar ndodhi kur nj\u00eb dhi e vetmuar, me shpejt\u00ebsi, hyri mes \u00e7iklist\u00ebve, duke rrezikuar seriozisht p\u00ebrplasjen me t\u00eb pakt\u00ebn tre prej tyre.<\/p>\n<p>Pamjet q\u00eb tashm\u00eb po b\u00ebhen virale tregojn\u00eb momentin kur kafsha kalon mes sportist\u00ebve, duke sjell\u00eb nj\u00eb reagim t\u00eb menj\u00ebhersh\u00ebm nga garuesit dhe stafi i organizimit.<\/p>\n<p>Fatmir\u00ebsisht, askush nuk u l\u00ebndua dhe gara vijoi normalisht, por situata ka ngjallur jo pak komente n\u00eb rrjet p\u00ebr \u201csfiduesen\u201d e re t\u00eb pist\u00ebs.<\/p>\n<p>Ky \u00ebsht\u00eb nj\u00eb prej atyre episodeve q\u00eb tregon se edhe garat m\u00eb prestigjioze nuk jan\u00eb imun\u00eb ndaj surprizave t\u00eb natyr\u00ebs \u2013 sidomos kur zhvillohen n\u00eb zona ku kafsh\u00ebt jan\u00eb ende nj\u00eb pjes\u00eb e p\u00ebrditshm\u00ebris\u00eb.<\/p>\n<p>&nbsp;<\/p>\n<p>https:\/\/streamable.com\/9pcyz1<\/p>\n<div id=\"blogs-4110354474\" class=\"blogs-after-content blogs-entity-placement\"><div id=\"div-gpt-ad-1770230601260-0\" style=\"width:300px; height:600px;\"><\/div><\/div><div id=\"blogs-1102593054\" class=\"blogs-adsense-after-kontent blogs-entity-placement\"><script async src=\"https:\/\/pagead2.googlesyndication.com\/pagead\/js\/adsbygoogle.js\"\r\n     crossorigin=\"anonymous\"><\/script>\r\n<!-- Tiranaread -->\r\n<ins class=\"adsbygoogle\"\r\n     style=\"display:inline-block;width:728px;height:90px\"\r\n     data-ad-client=\"ca-pub-2355142065052501\"\r\n\t data-page-url=\"https:\/\/blogseyir.com\"\r\n     data-ad-slot=\"7464751963\"><\/ins>\r\n<script>\r\n     (adsbygoogle = window.adsbygoogle || []).push({});\r\n<\/script><\/div>","protected":false},"excerpt":{"rendered":"<p>Nj\u00eb episod aspak i zakont\u00eb ka ndodhur sot gjat\u00eb etap\u00ebs s\u00eb tret\u00eb t\u00eb gar\u00ebs nd\u00ebrkomb\u00ebtare \u00e7iklistike Giro d\u2019Italia, e cila po zhvillohej n\u00eb qytetin e Vlor\u00ebs. Teksa garuesit po p\u00ebrshkonin itinerarin, nj\u00eb tuf\u00eb dhish ka dal\u00eb papritur n\u00eb rrug\u00eb, duke nd\u00ebrprer\u00eb p\u00ebr pak sekonda rrjedh\u00ebn e gar\u00ebs. Momenti m\u00eb i tensionuar ndodhi kur nj\u00eb dhi [&hellip;]<\/p>\n","protected":false},"author":1,"featured_media":21054,"comment_status":"open","ping_status":"closed","sticky":false,"template":"","format":"standard","meta":{"footnotes":""},"categories":[32],"tags":[935,504],"class_list":["post-21055","post","type-post","status-publish","format-standard","has-post-thumbnail","hentry","category-te-fundit","tag-giro-ditalia","tag-vlore"],"_links":{"self":[{"href":"https:\/\/blogseyir.com\/wp\/wp-json\/wp\/v2\/posts\/21055","targetHints":{"allow":["GET"]}}],"collection":[{"href":"https:\/\/blogseyir.com\/wp\/wp-json\/wp\/v2\/posts"}],"about":[{"href":"https:\/\/blogseyir.com\/wp\/wp-json\/wp\/v2\/types\/post"}],"author":[{"embeddable":true,"href":"https:\/\/blogseyir.com\/wp\/wp-json\/wp\/v2\/users\/1"}],"replies":[{"embeddable":true,"href":"https:\/\/blogseyir.com\/wp\/wp-json\/wp\/v2\/comments?post=21055"}],"version-history":[{"count":1,"href":"https:\/\/blogseyir.com\/wp\/wp-json\/wp\/v2\/posts\/21055\/revisions"}],"predecessor-version":[{"id":21056,"href":"https:\/\/blogseyir.com\/wp\/wp-json\/wp\/v2\/posts\/21055\/revisions\/21056"}],"wp:featuredmedia":[{"embeddable":true,"href":"https:\/\/blogseyir.com\/wp\/wp-json\/wp\/v2\/media\/21054"}],"wp:attachment":[{"href":"https:\/\/blogseyir.com\/wp\/wp-json\/wp\/v2\/media?parent=21055"}],"wp:term":[{"taxonomy":"category","embeddable":true,"href":"https:\/\/blogseyir.com\/wp\/wp-json\/wp\/v2\/categories?post=21055"},{"taxonomy":"post_tag","embeddable":true,"href":"https:\/\/blogseyir.com\/wp\/wp-json\/wp\/v2\/tags?post=21055"}],"curies":[{"name":"wp","href":"https:\/\/api.w.org\/{rel}","templated":true}]}}